{"id":1634,"date":"2023-04-20T11:40:20","date_gmt":"2023-04-20T10:40:20","guid":{"rendered":"https:\/\/autocaresserrano.es\/totes-les-raons-per-les-quals-lestiu-2023-es-perfecte-per-a-viatjar-amb-autocars-serrano\/"},"modified":"2023-05-23T09:22:02","modified_gmt":"2023-05-23T08:22:02","slug":"totes-les-raons-per-les-quals-lestiu-2023-es-perfecte-per-a-viatjar-amb-autocars-serrano","status":"publish","type":"post","link":"https:\/\/autocaresserrano.es\/ca\/totes-les-raons-per-les-quals-lestiu-2023-es-perfecte-per-a-viatjar-amb-autocars-serrano\/","title":{"rendered":"Totes les raons per les quals l&#8217;estiu 2023 \u00e9s perfecte per a viatjar amb Autocars Serrano"},"content":{"rendered":"\n<p><strong>Benvingut\/a l&#8217;estiu 2023!<\/strong> Amb el bon clima i les restriccions de viatge cada vegada m\u00e9s relaxades, l&#8217;estiu d&#8217;enguany promet ser emocionant en termes de viatges i turisme. Una opci\u00f3 popular per a explorar noves destinacions en autocar. En aquest article, descobrirem per qu\u00e8 l&#8217;estiu de 2023 \u00e9s el moment perfecte per a gaudir dels viatges en autocar i descobrir algunes de les destinacions m\u00e9s emocionants per a visitar.<\/p>\n\n<p>Viatjar en autocar ha guanyat popularitat, m\u00e9s d&#8217;un 30%, en els \u00faltims anys a causa dels seus nombrosos beneficis. Un dels avantatges m\u00e9s destacats \u00e9s la comoditat.<\/p>\n\n<p>Els <a href=\"\/#flota\">autocars modern<\/a>s estan equipats amb seients c\u00f2modes, aire condicionat i espai per a estirar-se, la qual cosa permet als viatgers relaxar-se i gaudir del paisatge durant el seu trajecte, sobretot en \u00e8poques de l&#8217;any de gran calor. A m\u00e9s, molts autocars ofereixen serveis addicionals com a <strong>wifi<\/strong>, endolls per a carregar dispositius i entreteniment a bord, la qual cosa fa que el viatge sigui encara m\u00e9s plaent.<\/p>\n\n<p>Un altre avantatge de viatjar en autocar \u00e9s que \u00e9s una opci\u00f3 m\u00e9s sostenible en comparaci\u00f3 amb altres mitjans de transport, a m\u00e9s hem de destacar que els nostres autocars compleixen amb la normativa EURO VI respecte a l&#8217;eliminaci\u00f3 de gasos. Els autocars tenen una petjada de carboni menor per passatger en comparaci\u00f3 amb els avions o els autom\u00f2bils, la qual cosa els converteix en una opci\u00f3 de transport m\u00e9s ecol\u00f2gica. A m\u00e9s, els autocars s\u00f3n una excel\u00b7lent opci\u00f3 per a reduir la congesti\u00f3 del tr\u00e0nsit, ja que un sol autocar pot transportar a nombrosos viatgers al mateix temps.<\/p>\n\n<figure class=\"wp-block-image size-large\"><img fetchpriority=\"high\" decoding=\"async\" width=\"1024\" height=\"683\" src=\"https:\/\/autocaresserrano.es\/wp-content\/uploads\/2023\/04\/interior-autocar-playa-1024x683.jpg\" alt=\"viatjar amb autocar de luxe a l'estiu 2023\" class=\"wp-image-1627\" srcset=\"https:\/\/autocaresserrano.es\/wp-content\/uploads\/2023\/04\/interior-autocar-playa-1024x683.jpg 1024w, https:\/\/autocaresserrano.es\/wp-content\/uploads\/2023\/04\/interior-autocar-playa-300x200.jpg 300w, https:\/\/autocaresserrano.es\/wp-content\/uploads\/2023\/04\/interior-autocar-playa-768x512.jpg 768w, https:\/\/autocaresserrano.es\/wp-content\/uploads\/2023\/04\/interior-autocar-playa.jpg 1200w\" sizes=\"(max-width: 1024px) 100vw, 1024px\" \/><\/figure>\n\n<p><strong><em>I qu\u00e8 hi ha dels destins?<\/em><\/strong> L&#8217;estiu de 2023 ofereix una \u00e0mplia gamma de destinacions emocionants per als viatgers en autocar. Aqu\u00ed hi ha algunes idees:<\/p>\n\n<ol class=\"wp-block-list\" type=\"1\">\n<li><strong>Viatge per la costa:<\/strong> Gaud\u00ed d&#8217;un viatge panor\u00e0mic per la costa, amb parades en platges pintoresques, ciutats costaneres i pobles amb encant.<\/li>\n\n\n\n<li>Explorar <strong>ciutats ic\u00f2niques<\/strong>: Barcelona, Cadaqu\u00e9s, Figueres, e altres.<\/li>\n\n\n\n<li>Descobrir la <strong>naturalesa<\/strong>: Si prefereixes la naturalesa, un viatge en autocar a parcs nacionals, muntanyes o boscos pot ser una excel\u00b7lent opci\u00f3. Gaudeix de caminades, passejos amb bicicleta o activitats a l&#8217;aire lliure en destins naturals impressionants.<\/li>\n\n\n\n<li><strong>Rutes del vi<\/strong>: Si ets amant del vi, un viatge en autocar a una regi\u00f3 vin\u00edcola pot ser una experi\u00e8ncia inoblidable. Gaudeix de tastos de vi, visites a cellers i degustacions mentre recorres bells paisatges de vinyes.<\/li>\n\n\n\n<li><strong>Viatge en grup<\/strong>: com a excursions escolars, viatges d&#8217;empresa o esdeveniments especials. La comoditat i la capacitat per a transportar.<\/li>\n<\/ol>\n\n<p><\/p>\n\n<p>Si vols gaudir d&#8217;un estiu sense preocupacions en la nostra moderna flota, contacta amb nosaltres en <a href=\"mailto:info@autocaresserrano.es\">info@autocaresserrano.es<\/a> .<\/p>\n","protected":false},"excerpt":{"rendered":"<p>Benvingut\/a l&#8217;estiu 2023! Amb el bon clima i les restriccions de viatge cada vegada m\u00e9s relaxades, l&#8217;estiu d&#8217;enguany promet ser emocionant en termes de viatges i turisme. Una opci\u00f3 popular per a explorar noves destinacions en autocar. En aquest article, descobrirem per qu\u00e8 l&#8217;estiu de 2023 \u00e9s el moment perfecte per a gaudir dels viatges [&hellip;]<\/p>\n","protected":false},"author":2,"featured_media":1631,"comment_status":"open","ping_status":"open","sticky":false,"template":"","format":"standard","meta":{"footnotes":""},"categories":[9],"tags":[],"class_list":["post-1634","post","type-post","status-publish","format-standard","has-post-thumbnail","hentry","category-uncategorized-ca"],"yoast_head":"<!-- This site is optimized with the Yoast SEO plugin v25.2 - https:\/\/yoast.com\/wordpress\/plugins\/seo\/ -->\n<title>Viatjar amb autocar a l&#039;estiu de 2023 | Autocares Serrano<\/title>\n<meta name=\"description\" content=\"Viatjar amb autocar a l&#039;estiu de 2023 \u00e9s la millor opci\u00f3 per explorar noves destinacions. T&#039;expliquem per qu\u00e8 elegir aquest tipus de transport.\" \/>\n<meta name=\"robots\" content=\"index, follow, max-snippet:-1, max-image-preview:large, max-video-preview:-1\" \/>\n<link rel=\"canonical\" href=\"https:\/\/autocaresserrano.es\/ca\/totes-les-raons-per-les-quals-lestiu-2023-es-perfecte-per-a-viatjar-amb-autocars-serrano\/\" \/>\n<meta property=\"og:locale\" content=\"ca_ES\" \/>\n<meta property=\"og:type\" content=\"article\" \/>\n<meta property=\"og:title\" content=\"Viatjar amb autocar a l&#039;estiu de 2023 | Autocares Serrano\" \/>\n<meta property=\"og:description\" content=\"Viatjar amb autocar a l&#039;estiu de 2023 \u00e9s la millor opci\u00f3 per explorar noves destinacions. T&#039;expliquem per qu\u00e8 elegir aquest tipus de transport.\" \/>\n<meta property=\"og:url\" content=\"https:\/\/autocaresserrano.es\/ca\/totes-les-raons-per-les-quals-lestiu-2023-es-perfecte-per-a-viatjar-amb-autocars-serrano\/\" \/>\n<meta property=\"og:site_name\" content=\"Autocares Serrano\" \/>\n<meta property=\"article:published_time\" content=\"2023-04-20T10:40:20+00:00\" \/>\n<meta property=\"article:modified_time\" content=\"2023-05-23T08:22:02+00:00\" \/>\n<meta property=\"og:image\" content=\"https:\/\/autocaresserrano.es\/wp-content\/uploads\/2023\/04\/viajar-autocar-verano.jpg\" \/>\n\t<meta property=\"og:image:width\" content=\"1200\" \/>\n\t<meta property=\"og:image:height\" content=\"800\" \/>\n\t<meta property=\"og:image:type\" content=\"image\/jpeg\" \/>\n<meta name=\"author\" content=\"Sib_admin\" \/>\n<meta name=\"twitter:card\" content=\"summary_large_image\" \/>\n<meta name=\"twitter:label1\" content=\"Escrit per\" \/>\n\t<meta name=\"twitter:data1\" content=\"Sib_admin\" \/>\n\t<meta name=\"twitter:label2\" content=\"Temps estimat de lectura\" \/>\n\t<meta name=\"twitter:data2\" content=\"2 minuts\" \/>\n<script type=\"application\/ld+json\" class=\"yoast-schema-graph\">{\"@context\":\"https:\/\/schema.org\",\"@graph\":[{\"@type\":\"Article\",\"@id\":\"https:\/\/autocaresserrano.es\/ca\/totes-les-raons-per-les-quals-lestiu-2023-es-perfecte-per-a-viatjar-amb-autocars-serrano\/#article\",\"isPartOf\":{\"@id\":\"https:\/\/autocaresserrano.es\/ca\/totes-les-raons-per-les-quals-lestiu-2023-es-perfecte-per-a-viatjar-amb-autocars-serrano\/\"},\"author\":{\"name\":\"Sib_admin\",\"@id\":\"https:\/\/autocaresserrano.es\/ca\/#\/schema\/person\/f4eff9eba2de4ad318af6f8d92396be1\"},\"headline\":\"Totes les raons per les quals l&#8217;estiu 2023 \u00e9s perfecte per a viatjar amb Autocars Serrano\",\"datePublished\":\"2023-04-20T10:40:20+00:00\",\"dateModified\":\"2023-05-23T08:22:02+00:00\",\"mainEntityOfPage\":{\"@id\":\"https:\/\/autocaresserrano.es\/ca\/totes-les-raons-per-les-quals-lestiu-2023-es-perfecte-per-a-viatjar-amb-autocars-serrano\/\"},\"wordCount\":478,\"commentCount\":0,\"publisher\":{\"@id\":\"https:\/\/autocaresserrano.es\/ca\/#organization\"},\"image\":{\"@id\":\"https:\/\/autocaresserrano.es\/ca\/totes-les-raons-per-les-quals-lestiu-2023-es-perfecte-per-a-viatjar-amb-autocars-serrano\/#primaryimage\"},\"thumbnailUrl\":\"https:\/\/autocaresserrano.es\/wp-content\/uploads\/2023\/04\/viajar-autocar-verano.jpg\",\"articleSection\":[\"Uncategorized @ca\"],\"inLanguage\":\"ca\",\"potentialAction\":[{\"@type\":\"CommentAction\",\"name\":\"Comment\",\"target\":[\"https:\/\/autocaresserrano.es\/ca\/totes-les-raons-per-les-quals-lestiu-2023-es-perfecte-per-a-viatjar-amb-autocars-serrano\/#respond\"]}]},{\"@type\":\"WebPage\",\"@id\":\"https:\/\/autocaresserrano.es\/ca\/totes-les-raons-per-les-quals-lestiu-2023-es-perfecte-per-a-viatjar-amb-autocars-serrano\/\",\"url\":\"https:\/\/autocaresserrano.es\/ca\/totes-les-raons-per-les-quals-lestiu-2023-es-perfecte-per-a-viatjar-amb-autocars-serrano\/\",\"name\":\"Viatjar amb autocar a l'estiu de 2023 | Autocares Serrano\",\"isPartOf\":{\"@id\":\"https:\/\/autocaresserrano.es\/ca\/#website\"},\"primaryImageOfPage\":{\"@id\":\"https:\/\/autocaresserrano.es\/ca\/totes-les-raons-per-les-quals-lestiu-2023-es-perfecte-per-a-viatjar-amb-autocars-serrano\/#primaryimage\"},\"image\":{\"@id\":\"https:\/\/autocaresserrano.es\/ca\/totes-les-raons-per-les-quals-lestiu-2023-es-perfecte-per-a-viatjar-amb-autocars-serrano\/#primaryimage\"},\"thumbnailUrl\":\"https:\/\/autocaresserrano.es\/wp-content\/uploads\/2023\/04\/viajar-autocar-verano.jpg\",\"datePublished\":\"2023-04-20T10:40:20+00:00\",\"dateModified\":\"2023-05-23T08:22:02+00:00\",\"description\":\"Viatjar amb autocar a l'estiu de 2023 \u00e9s la millor opci\u00f3 per explorar noves destinacions. T'expliquem per qu\u00e8 elegir aquest tipus de transport.\",\"breadcrumb\":{\"@id\":\"https:\/\/autocaresserrano.es\/ca\/totes-les-raons-per-les-quals-lestiu-2023-es-perfecte-per-a-viatjar-amb-autocars-serrano\/#breadcrumb\"},\"inLanguage\":\"ca\",\"potentialAction\":[{\"@type\":\"ReadAction\",\"target\":[\"https:\/\/autocaresserrano.es\/ca\/totes-les-raons-per-les-quals-lestiu-2023-es-perfecte-per-a-viatjar-amb-autocars-serrano\/\"]}]},{\"@type\":\"ImageObject\",\"inLanguage\":\"ca\",\"@id\":\"https:\/\/autocaresserrano.es\/ca\/totes-les-raons-per-les-quals-lestiu-2023-es-perfecte-per-a-viatjar-amb-autocars-serrano\/#primaryimage\",\"url\":\"https:\/\/autocaresserrano.es\/wp-content\/uploads\/2023\/04\/viajar-autocar-verano.jpg\",\"contentUrl\":\"https:\/\/autocaresserrano.es\/wp-content\/uploads\/2023\/04\/viajar-autocar-verano.jpg\",\"width\":1200,\"height\":800,\"caption\":\"viajar en autocar de lujo en verano de 2023\"},{\"@type\":\"BreadcrumbList\",\"@id\":\"https:\/\/autocaresserrano.es\/ca\/totes-les-raons-per-les-quals-lestiu-2023-es-perfecte-per-a-viatjar-amb-autocars-serrano\/#breadcrumb\",\"itemListElement\":[{\"@type\":\"ListItem\",\"position\":1,\"name\":\"Portada\",\"item\":\"https:\/\/autocaresserrano.es\/ca\/inici\/\"},{\"@type\":\"ListItem\",\"position\":2,\"name\":\"Totes les raons per les quals l&#8217;estiu 2023 \u00e9s perfecte per a viatjar amb Autocars Serrano\"}]},{\"@type\":\"WebSite\",\"@id\":\"https:\/\/autocaresserrano.es\/ca\/#website\",\"url\":\"https:\/\/autocaresserrano.es\/ca\/\",\"name\":\"Autocares Serrano\",\"description\":\"Otro sitio realizado con WordPress\",\"publisher\":{\"@id\":\"https:\/\/autocaresserrano.es\/ca\/#organization\"},\"potentialAction\":[{\"@type\":\"SearchAction\",\"target\":{\"@type\":\"EntryPoint\",\"urlTemplate\":\"https:\/\/autocaresserrano.es\/ca\/?s={search_term_string}\"},\"query-input\":{\"@type\":\"PropertyValueSpecification\",\"valueRequired\":true,\"valueName\":\"search_term_string\"}}],\"inLanguage\":\"ca\"},{\"@type\":\"Organization\",\"@id\":\"https:\/\/autocaresserrano.es\/ca\/#organization\",\"name\":\"Autocares Serrano\",\"url\":\"https:\/\/autocaresserrano.es\/ca\/\",\"logo\":{\"@type\":\"ImageObject\",\"inLanguage\":\"ca\",\"@id\":\"https:\/\/autocaresserrano.es\/ca\/#\/schema\/logo\/image\/\",\"url\":\"http:\/\/autocares.iditalweb.com\/wp-content\/uploads\/2022\/08\/autocares-serrano-logo.png\",\"contentUrl\":\"http:\/\/autocares.iditalweb.com\/wp-content\/uploads\/2022\/08\/autocares-serrano-logo.png\",\"width\":500,\"height\":345,\"caption\":\"Autocares Serrano\"},\"image\":{\"@id\":\"https:\/\/autocaresserrano.es\/ca\/#\/schema\/logo\/image\/\"}},{\"@type\":\"Person\",\"@id\":\"https:\/\/autocaresserrano.es\/ca\/#\/schema\/person\/f4eff9eba2de4ad318af6f8d92396be1\",\"name\":\"Sib_admin\",\"image\":{\"@type\":\"ImageObject\",\"inLanguage\":\"ca\",\"@id\":\"https:\/\/autocaresserrano.es\/ca\/#\/schema\/person\/image\/\",\"url\":\"https:\/\/secure.gravatar.com\/avatar\/836b6024b179bb1aa8efce237033cdaabf4542eed580465f032be91b7e53cc9a?s=96&d=mm&r=g\",\"contentUrl\":\"https:\/\/secure.gravatar.com\/avatar\/836b6024b179bb1aa8efce237033cdaabf4542eed580465f032be91b7e53cc9a?s=96&d=mm&r=g\",\"caption\":\"Sib_admin\"}}]}<\/script>\n<!-- \/ Yoast SEO plugin. -->","yoast_head_json":{"title":"Viatjar amb autocar a l'estiu de 2023 | Autocares Serrano","description":"Viatjar amb autocar a l'estiu de 2023 \u00e9s la millor opci\u00f3 per explorar noves destinacions. T'expliquem per qu\u00e8 elegir aquest tipus de transport.","robots":{"index":"index","follow":"follow","max-snippet":"max-snippet:-1","max-image-preview":"max-image-preview:large","max-video-preview":"max-video-preview:-1"},"canonical":"https:\/\/autocaresserrano.es\/ca\/totes-les-raons-per-les-quals-lestiu-2023-es-perfecte-per-a-viatjar-amb-autocars-serrano\/","og_locale":"ca_ES","og_type":"article","og_title":"Viatjar amb autocar a l'estiu de 2023 | Autocares Serrano","og_description":"Viatjar amb autocar a l'estiu de 2023 \u00e9s la millor opci\u00f3 per explorar noves destinacions. T'expliquem per qu\u00e8 elegir aquest tipus de transport.","og_url":"https:\/\/autocaresserrano.es\/ca\/totes-les-raons-per-les-quals-lestiu-2023-es-perfecte-per-a-viatjar-amb-autocars-serrano\/","og_site_name":"Autocares Serrano","article_published_time":"2023-04-20T10:40:20+00:00","article_modified_time":"2023-05-23T08:22:02+00:00","og_image":[{"width":1200,"height":800,"url":"https:\/\/autocaresserrano.es\/wp-content\/uploads\/2023\/04\/viajar-autocar-verano.jpg","type":"image\/jpeg"}],"author":"Sib_admin","twitter_card":"summary_large_image","twitter_misc":{"Escrit per":"Sib_admin","Temps estimat de lectura":"2 minuts"},"schema":{"@context":"https:\/\/schema.org","@graph":[{"@type":"Article","@id":"https:\/\/autocaresserrano.es\/ca\/totes-les-raons-per-les-quals-lestiu-2023-es-perfecte-per-a-viatjar-amb-autocars-serrano\/#article","isPartOf":{"@id":"https:\/\/autocaresserrano.es\/ca\/totes-les-raons-per-les-quals-lestiu-2023-es-perfecte-per-a-viatjar-amb-autocars-serrano\/"},"author":{"name":"Sib_admin","@id":"https:\/\/autocaresserrano.es\/ca\/#\/schema\/person\/f4eff9eba2de4ad318af6f8d92396be1"},"headline":"Totes les raons per les quals l&#8217;estiu 2023 \u00e9s perfecte per a viatjar amb Autocars Serrano","datePublished":"2023-04-20T10:40:20+00:00","dateModified":"2023-05-23T08:22:02+00:00","mainEntityOfPage":{"@id":"https:\/\/autocaresserrano.es\/ca\/totes-les-raons-per-les-quals-lestiu-2023-es-perfecte-per-a-viatjar-amb-autocars-serrano\/"},"wordCount":478,"commentCount":0,"publisher":{"@id":"https:\/\/autocaresserrano.es\/ca\/#organization"},"image":{"@id":"https:\/\/autocaresserrano.es\/ca\/totes-les-raons-per-les-quals-lestiu-2023-es-perfecte-per-a-viatjar-amb-autocars-serrano\/#primaryimage"},"thumbnailUrl":"https:\/\/autocaresserrano.es\/wp-content\/uploads\/2023\/04\/viajar-autocar-verano.jpg","articleSection":["Uncategorized @ca"],"inLanguage":"ca","potentialAction":[{"@type":"CommentAction","name":"Comment","target":["https:\/\/autocaresserrano.es\/ca\/totes-les-raons-per-les-quals-lestiu-2023-es-perfecte-per-a-viatjar-amb-autocars-serrano\/#respond"]}]},{"@type":"WebPage","@id":"https:\/\/autocaresserrano.es\/ca\/totes-les-raons-per-les-quals-lestiu-2023-es-perfecte-per-a-viatjar-amb-autocars-serrano\/","url":"https:\/\/autocaresserrano.es\/ca\/totes-les-raons-per-les-quals-lestiu-2023-es-perfecte-per-a-viatjar-amb-autocars-serrano\/","name":"Viatjar amb autocar a l'estiu de 2023 | Autocares Serrano","isPartOf":{"@id":"https:\/\/autocaresserrano.es\/ca\/#website"},"primaryImageOfPage":{"@id":"https:\/\/autocaresserrano.es\/ca\/totes-les-raons-per-les-quals-lestiu-2023-es-perfecte-per-a-viatjar-amb-autocars-serrano\/#primaryimage"},"image":{"@id":"https:\/\/autocaresserrano.es\/ca\/totes-les-raons-per-les-quals-lestiu-2023-es-perfecte-per-a-viatjar-amb-autocars-serrano\/#primaryimage"},"thumbnailUrl":"https:\/\/autocaresserrano.es\/wp-content\/uploads\/2023\/04\/viajar-autocar-verano.jpg","datePublished":"2023-04-20T10:40:20+00:00","dateModified":"2023-05-23T08:22:02+00:00","description":"Viatjar amb autocar a l'estiu de 2023 \u00e9s la millor opci\u00f3 per explorar noves destinacions. T'expliquem per qu\u00e8 elegir aquest tipus de transport.","breadcrumb":{"@id":"https:\/\/autocaresserrano.es\/ca\/totes-les-raons-per-les-quals-lestiu-2023-es-perfecte-per-a-viatjar-amb-autocars-serrano\/#breadcrumb"},"inLanguage":"ca","potentialAction":[{"@type":"ReadAction","target":["https:\/\/autocaresserrano.es\/ca\/totes-les-raons-per-les-quals-lestiu-2023-es-perfecte-per-a-viatjar-amb-autocars-serrano\/"]}]},{"@type":"ImageObject","inLanguage":"ca","@id":"https:\/\/autocaresserrano.es\/ca\/totes-les-raons-per-les-quals-lestiu-2023-es-perfecte-per-a-viatjar-amb-autocars-serrano\/#primaryimage","url":"https:\/\/autocaresserrano.es\/wp-content\/uploads\/2023\/04\/viajar-autocar-verano.jpg","contentUrl":"https:\/\/autocaresserrano.es\/wp-content\/uploads\/2023\/04\/viajar-autocar-verano.jpg","width":1200,"height":800,"caption":"viajar en autocar de lujo en verano de 2023"},{"@type":"BreadcrumbList","@id":"https:\/\/autocaresserrano.es\/ca\/totes-les-raons-per-les-quals-lestiu-2023-es-perfecte-per-a-viatjar-amb-autocars-serrano\/#breadcrumb","itemListElement":[{"@type":"ListItem","position":1,"name":"Portada","item":"https:\/\/autocaresserrano.es\/ca\/inici\/"},{"@type":"ListItem","position":2,"name":"Totes les raons per les quals l&#8217;estiu 2023 \u00e9s perfecte per a viatjar amb Autocars Serrano"}]},{"@type":"WebSite","@id":"https:\/\/autocaresserrano.es\/ca\/#website","url":"https:\/\/autocaresserrano.es\/ca\/","name":"Autocares Serrano","description":"Otro sitio realizado con WordPress","publisher":{"@id":"https:\/\/autocaresserrano.es\/ca\/#organization"},"potentialAction":[{"@type":"SearchAction","target":{"@type":"EntryPoint","urlTemplate":"https:\/\/autocaresserrano.es\/ca\/?s={search_term_string}"},"query-input":{"@type":"PropertyValueSpecification","valueRequired":true,"valueName":"search_term_string"}}],"inLanguage":"ca"},{"@type":"Organization","@id":"https:\/\/autocaresserrano.es\/ca\/#organization","name":"Autocares Serrano","url":"https:\/\/autocaresserrano.es\/ca\/","logo":{"@type":"ImageObject","inLanguage":"ca","@id":"https:\/\/autocaresserrano.es\/ca\/#\/schema\/logo\/image\/","url":"http:\/\/autocares.iditalweb.com\/wp-content\/uploads\/2022\/08\/autocares-serrano-logo.png","contentUrl":"http:\/\/autocares.iditalweb.com\/wp-content\/uploads\/2022\/08\/autocares-serrano-logo.png","width":500,"height":345,"caption":"Autocares Serrano"},"image":{"@id":"https:\/\/autocaresserrano.es\/ca\/#\/schema\/logo\/image\/"}},{"@type":"Person","@id":"https:\/\/autocaresserrano.es\/ca\/#\/schema\/person\/f4eff9eba2de4ad318af6f8d92396be1","name":"Sib_admin","image":{"@type":"ImageObject","inLanguage":"ca","@id":"https:\/\/autocaresserrano.es\/ca\/#\/schema\/person\/image\/","url":"https:\/\/secure.gravatar.com\/avatar\/836b6024b179bb1aa8efce237033cdaabf4542eed580465f032be91b7e53cc9a?s=96&d=mm&r=g","contentUrl":"https:\/\/secure.gravatar.com\/avatar\/836b6024b179bb1aa8efce237033cdaabf4542eed580465f032be91b7e53cc9a?s=96&d=mm&r=g","caption":"Sib_admin"}}]}},"_links":{"self":[{"href":"https:\/\/autocaresserrano.es\/ca\/wp-json\/wp\/v2\/posts\/1634","targetHints":{"allow":["GET"]}}],"collection":[{"href":"https:\/\/autocaresserrano.es\/ca\/wp-json\/wp\/v2\/posts"}],"about":[{"href":"https:\/\/autocaresserrano.es\/ca\/wp-json\/wp\/v2\/types\/post"}],"author":[{"embeddable":true,"href":"https:\/\/autocaresserrano.es\/ca\/wp-json\/wp\/v2\/users\/2"}],"replies":[{"embeddable":true,"href":"https:\/\/autocaresserrano.es\/ca\/wp-json\/wp\/v2\/comments?post=1634"}],"version-history":[{"count":4,"href":"https:\/\/autocaresserrano.es\/ca\/wp-json\/wp\/v2\/posts\/1634\/revisions"}],"predecessor-version":[{"id":2462,"href":"https:\/\/autocaresserrano.es\/ca\/wp-json\/wp\/v2\/posts\/1634\/revisions\/2462"}],"wp:featuredmedia":[{"embeddable":true,"href":"https:\/\/autocaresserrano.es\/ca\/wp-json\/wp\/v2\/media\/1631"}],"wp:attachment":[{"href":"https:\/\/autocaresserrano.es\/ca\/wp-json\/wp\/v2\/media?parent=1634"}],"wp:term":[{"taxonomy":"category","embeddable":true,"href":"https:\/\/autocaresserrano.es\/ca\/wp-json\/wp\/v2\/categories?post=1634"},{"taxonomy":"post_tag","embeddable":true,"href":"https:\/\/autocaresserrano.es\/ca\/wp-json\/wp\/v2\/tags?post=1634"}],"curies":[{"name":"wp","href":"https:\/\/api.w.org\/{rel}","templated":true}]}}