{"id":2500,"date":"2023-06-22T18:39:16","date_gmt":"2023-06-22T17:39:16","guid":{"rendered":"https:\/\/autocaresserrano.es\/del-desastre-al-renaixement-autocars-serrano-un-any-despres-del-gran-incendi\/"},"modified":"2023-06-22T20:06:33","modified_gmt":"2023-06-22T19:06:33","slug":"del-desastre-al-renaixement-autocars-serrano-un-any-despres-del-gran-incendi","status":"publish","type":"post","link":"https:\/\/autocaresserrano.es\/ca\/del-desastre-al-renaixement-autocars-serrano-un-any-despres-del-gran-incendi\/","title":{"rendered":"Del desastre al renaixement! Autocars Serrano, un any despr\u00e9s del gran incendi"},"content":{"rendered":"\n<p>El 23 de juny del 2022, fa un any en la nit de Sant Joan, Autocars Serrano va sofrir un devastador incendi en la seva seu de Palafolls, on vuit autocars van quedar redu\u00efts a cendres. Va ser un moment esquin\u00e7ador per a l&#8217;empresa i per a tots els que formem part d&#8217;ella. No obstant aix\u00f2, avui som aqu\u00ed per a contar-los una hist\u00f2ria de resili\u00e8ncia i superaci\u00f3, perqu\u00e8 de les cendres ha sorgit un ocell de f\u00e8nix, renascut i m\u00e9s fort que mai.<\/p>\n\n<p>Despr\u00e9s d&#8217;aquesta tr\u00e0gica p\u00e8rdua, l&#8217;empresa es va enfrontar a un desafiament, per\u00f2 en lloc de deixar-se v\u00e8ncer per l&#8217;adversitat, van decidir convertir aquesta trag\u00e8dia en una oportunitat per a ren\u00e9ixer i cr\u00e9ixer. Va ser un llarg cam\u00ed ple de desafiaments, amb serveis per cobrir en el nostre sistema i sense autocars en la nostra base. Finalment, vam poder realitzar totes les reserves i complir amb els nostres clients amb \u00e8xit.<\/p>\n\n<p>Gr\u00e0cies a un ardu treball i una determinaci\u00f3 indestructible, hem aconseguit reconstruir i enfortir la nostra flota d&#8217;autocars. Ara comptem amb vehicles nous, amb menys d&#8217;un any, que compleixen amb els m\u00e9s alts est\u00e0ndards de qualitat, seguretat i sostenibilitat amb el medi ambient.<\/p>\n\n<p>Per\u00f2 aix\u00f2 no \u00e9s tot&#8230;, podem dir que la companyia ha expandit els seus horitzons i ha inaugurat una nova seu a Barcelona. Aquesta nova seu ens brinda una ubicaci\u00f3 estrat\u00e8gica per a oferir els nostres serveis de lloguer d&#8217;autocars a Barcelona i lloguer d&#8217;autocars de luxe.<\/p>\n\n<p>L&#8217;aniversari d&#8217;aquest tr\u00e0gic incendi ens recorda que, encara que els desafiaments puguin semblar insuperables, la determinaci\u00f3 i la resili\u00e8ncia sempre poden portar-nos cap a un futur m\u00e9s brillant.<\/p>\n\n<p>Gr\u00e0cies per ser part de la nostra hist\u00f2ria de ressorgiment i esperem continuar acompanyant-los en els seus viatges cap a nous horitzons!<\/p>\n\n<p>#AutocaresSerrano #Renacimiento #Resiliencia #AlquilerDeAutocaresEnBarcelona #AlquilerDeAutocaresDeLujo #Viajes #Transporte<\/p>\n\n<figure class=\"wp-block-image size-full\"><img fetchpriority=\"high\" decoding=\"async\" width=\"419\" height=\"429\" src=\"https:\/\/autocaresserrano.es\/wp-content\/uploads\/2023\/06\/Imagen2.jpg\" alt=\"\" class=\"wp-image-2504\" srcset=\"https:\/\/autocaresserrano.es\/wp-content\/uploads\/2023\/06\/Imagen2.jpg 419w, https:\/\/autocaresserrano.es\/wp-content\/uploads\/2023\/06\/Imagen2-293x300.jpg 293w\" sizes=\"(max-width: 419px) 100vw, 419px\" \/><\/figure>\n","protected":false},"excerpt":{"rendered":"<p>El 23 de juny del 2022, fa un any en la nit de Sant Joan, Autocars Serrano va sofrir un devastador incendi en la seva seu de Palafolls, on vuit autocars van quedar redu\u00efts a cendres. Va ser un moment esquin\u00e7ador per a l&#8217;empresa i per a tots els que formem part d&#8217;ella. No obstant [&hellip;]<\/p>\n","protected":false},"author":2,"featured_media":2516,"comment_status":"open","ping_status":"open","sticky":false,"template":"","format":"standard","meta":{"footnotes":""},"categories":[9],"tags":[],"class_list":["post-2500","post","type-post","status-publish","format-standard","has-post-thumbnail","hentry","category-uncategorized-ca"],"yoast_head":"<!-- This site is optimized with the Yoast SEO plugin v25.2 - https:\/\/yoast.com\/wordpress\/plugins\/seo\/ -->\n<title>Del desastre al renaixement! Autocars Serrano, un any despr\u00e9s del gran incendi | Autocares Serrano<\/title>\n<meta name=\"robots\" content=\"index, follow, max-snippet:-1, max-image-preview:large, max-video-preview:-1\" \/>\n<link rel=\"canonical\" href=\"https:\/\/autocaresserrano.es\/ca\/del-desastre-al-renaixement-autocars-serrano-un-any-despres-del-gran-incendi\/\" \/>\n<meta property=\"og:locale\" content=\"ca_ES\" \/>\n<meta property=\"og:type\" content=\"article\" \/>\n<meta property=\"og:title\" content=\"Del desastre al renaixement! Autocars Serrano, un any despr\u00e9s del gran incendi | Autocares Serrano\" \/>\n<meta property=\"og:description\" content=\"El 23 de juny del 2022, fa un any en la nit de Sant Joan, Autocars Serrano va sofrir un devastador incendi en la seva seu de Palafolls, on vuit autocars van quedar redu\u00efts a cendres. Va ser un moment esquin\u00e7ador per a l&#8217;empresa i per a tots els que formem part d&#8217;ella. No obstant [&hellip;]\" \/>\n<meta property=\"og:url\" content=\"https:\/\/autocaresserrano.es\/ca\/del-desastre-al-renaixement-autocars-serrano-un-any-despres-del-gran-incendi\/\" \/>\n<meta property=\"og:site_name\" content=\"Autocares Serrano\" \/>\n<meta property=\"article:published_time\" content=\"2023-06-22T17:39:16+00:00\" \/>\n<meta property=\"article:modified_time\" content=\"2023-06-22T19:06:33+00:00\" \/>\n<meta property=\"og:image\" content=\"https:\/\/autocaresserrano.es\/wp-content\/uploads\/2023\/06\/img.jpg\" \/>\n\t<meta property=\"og:image:width\" content=\"629\" \/>\n\t<meta property=\"og:image:height\" content=\"258\" \/>\n\t<meta property=\"og:image:type\" content=\"image\/jpeg\" \/>\n<meta name=\"author\" content=\"Sib_admin\" \/>\n<meta name=\"twitter:card\" content=\"summary_large_image\" \/>\n<meta name=\"twitter:label1\" content=\"Escrit per\" \/>\n\t<meta name=\"twitter:data1\" content=\"Sib_admin\" \/>\n\t<meta name=\"twitter:label2\" content=\"Temps estimat de lectura\" \/>\n\t<meta name=\"twitter:data2\" content=\"2 minuts\" \/>\n<script type=\"application\/ld+json\" class=\"yoast-schema-graph\">{\"@context\":\"https:\/\/schema.org\",\"@graph\":[{\"@type\":\"Article\",\"@id\":\"https:\/\/autocaresserrano.es\/ca\/del-desastre-al-renaixement-autocars-serrano-un-any-despres-del-gran-incendi\/#article\",\"isPartOf\":{\"@id\":\"https:\/\/autocaresserrano.es\/ca\/del-desastre-al-renaixement-autocars-serrano-un-any-despres-del-gran-incendi\/\"},\"author\":{\"name\":\"Sib_admin\",\"@id\":\"https:\/\/autocaresserrano.es\/ca\/#\/schema\/person\/f4eff9eba2de4ad318af6f8d92396be1\"},\"headline\":\"Del desastre al renaixement! Autocars Serrano, un any despr\u00e9s del gran incendi\",\"datePublished\":\"2023-06-22T17:39:16+00:00\",\"dateModified\":\"2023-06-22T19:06:33+00:00\",\"mainEntityOfPage\":{\"@id\":\"https:\/\/autocaresserrano.es\/ca\/del-desastre-al-renaixement-autocars-serrano-un-any-despres-del-gran-incendi\/\"},\"wordCount\":345,\"commentCount\":0,\"publisher\":{\"@id\":\"https:\/\/autocaresserrano.es\/ca\/#organization\"},\"image\":{\"@id\":\"https:\/\/autocaresserrano.es\/ca\/del-desastre-al-renaixement-autocars-serrano-un-any-despres-del-gran-incendi\/#primaryimage\"},\"thumbnailUrl\":\"https:\/\/autocaresserrano.es\/wp-content\/uploads\/2023\/06\/autocares-serrano-incendio-1.jpg\",\"articleSection\":[\"Uncategorized @ca\"],\"inLanguage\":\"ca\",\"potentialAction\":[{\"@type\":\"CommentAction\",\"name\":\"Comment\",\"target\":[\"https:\/\/autocaresserrano.es\/ca\/del-desastre-al-renaixement-autocars-serrano-un-any-despres-del-gran-incendi\/#respond\"]}]},{\"@type\":\"WebPage\",\"@id\":\"https:\/\/autocaresserrano.es\/ca\/del-desastre-al-renaixement-autocars-serrano-un-any-despres-del-gran-incendi\/\",\"url\":\"https:\/\/autocaresserrano.es\/ca\/del-desastre-al-renaixement-autocars-serrano-un-any-despres-del-gran-incendi\/\",\"name\":\"Del desastre al renaixement! Autocars Serrano, un any despr\u00e9s del gran incendi | Autocares Serrano\",\"isPartOf\":{\"@id\":\"https:\/\/autocaresserrano.es\/ca\/#website\"},\"primaryImageOfPage\":{\"@id\":\"https:\/\/autocaresserrano.es\/ca\/del-desastre-al-renaixement-autocars-serrano-un-any-despres-del-gran-incendi\/#primaryimage\"},\"image\":{\"@id\":\"https:\/\/autocaresserrano.es\/ca\/del-desastre-al-renaixement-autocars-serrano-un-any-despres-del-gran-incendi\/#primaryimage\"},\"thumbnailUrl\":\"https:\/\/autocaresserrano.es\/wp-content\/uploads\/2023\/06\/autocares-serrano-incendio-1.jpg\",\"datePublished\":\"2023-06-22T17:39:16+00:00\",\"dateModified\":\"2023-06-22T19:06:33+00:00\",\"breadcrumb\":{\"@id\":\"https:\/\/autocaresserrano.es\/ca\/del-desastre-al-renaixement-autocars-serrano-un-any-despres-del-gran-incendi\/#breadcrumb\"},\"inLanguage\":\"ca\",\"potentialAction\":[{\"@type\":\"ReadAction\",\"target\":[\"https:\/\/autocaresserrano.es\/ca\/del-desastre-al-renaixement-autocars-serrano-un-any-despres-del-gran-incendi\/\"]}]},{\"@type\":\"ImageObject\",\"inLanguage\":\"ca\",\"@id\":\"https:\/\/autocaresserrano.es\/ca\/del-desastre-al-renaixement-autocars-serrano-un-any-despres-del-gran-incendi\/#primaryimage\",\"url\":\"https:\/\/autocaresserrano.es\/wp-content\/uploads\/2023\/06\/autocares-serrano-incendio-1.jpg\",\"contentUrl\":\"https:\/\/autocaresserrano.es\/wp-content\/uploads\/2023\/06\/autocares-serrano-incendio-1.jpg\",\"width\":1024,\"height\":768},{\"@type\":\"BreadcrumbList\",\"@id\":\"https:\/\/autocaresserrano.es\/ca\/del-desastre-al-renaixement-autocars-serrano-un-any-despres-del-gran-incendi\/#breadcrumb\",\"itemListElement\":[{\"@type\":\"ListItem\",\"position\":1,\"name\":\"Portada\",\"item\":\"https:\/\/autocaresserrano.es\/ca\/inici\/\"},{\"@type\":\"ListItem\",\"position\":2,\"name\":\"Del desastre al renaixement! Autocars Serrano, un any despr\u00e9s del gran incendi\"}]},{\"@type\":\"WebSite\",\"@id\":\"https:\/\/autocaresserrano.es\/ca\/#website\",\"url\":\"https:\/\/autocaresserrano.es\/ca\/\",\"name\":\"Autocares Serrano\",\"description\":\"Otro sitio realizado con WordPress\",\"publisher\":{\"@id\":\"https:\/\/autocaresserrano.es\/ca\/#organization\"},\"potentialAction\":[{\"@type\":\"SearchAction\",\"target\":{\"@type\":\"EntryPoint\",\"urlTemplate\":\"https:\/\/autocaresserrano.es\/ca\/?s={search_term_string}\"},\"query-input\":{\"@type\":\"PropertyValueSpecification\",\"valueRequired\":true,\"valueName\":\"search_term_string\"}}],\"inLanguage\":\"ca\"},{\"@type\":\"Organization\",\"@id\":\"https:\/\/autocaresserrano.es\/ca\/#organization\",\"name\":\"Autocares Serrano\",\"url\":\"https:\/\/autocaresserrano.es\/ca\/\",\"logo\":{\"@type\":\"ImageObject\",\"inLanguage\":\"ca\",\"@id\":\"https:\/\/autocaresserrano.es\/ca\/#\/schema\/logo\/image\/\",\"url\":\"http:\/\/autocares.iditalweb.com\/wp-content\/uploads\/2022\/08\/autocares-serrano-logo.png\",\"contentUrl\":\"http:\/\/autocares.iditalweb.com\/wp-content\/uploads\/2022\/08\/autocares-serrano-logo.png\",\"width\":500,\"height\":345,\"caption\":\"Autocares Serrano\"},\"image\":{\"@id\":\"https:\/\/autocaresserrano.es\/ca\/#\/schema\/logo\/image\/\"}},{\"@type\":\"Person\",\"@id\":\"https:\/\/autocaresserrano.es\/ca\/#\/schema\/person\/f4eff9eba2de4ad318af6f8d92396be1\",\"name\":\"Sib_admin\",\"image\":{\"@type\":\"ImageObject\",\"inLanguage\":\"ca\",\"@id\":\"https:\/\/autocaresserrano.es\/ca\/#\/schema\/person\/image\/\",\"url\":\"https:\/\/secure.gravatar.com\/avatar\/836b6024b179bb1aa8efce237033cdaabf4542eed580465f032be91b7e53cc9a?s=96&d=mm&r=g\",\"contentUrl\":\"https:\/\/secure.gravatar.com\/avatar\/836b6024b179bb1aa8efce237033cdaabf4542eed580465f032be91b7e53cc9a?s=96&d=mm&r=g\",\"caption\":\"Sib_admin\"}}]}<\/script>\n<!-- \/ Yoast SEO plugin. -->","yoast_head_json":{"title":"Del desastre al renaixement! Autocars Serrano, un any despr\u00e9s del gran incendi | Autocares Serrano","robots":{"index":"index","follow":"follow","max-snippet":"max-snippet:-1","max-image-preview":"max-image-preview:large","max-video-preview":"max-video-preview:-1"},"canonical":"https:\/\/autocaresserrano.es\/ca\/del-desastre-al-renaixement-autocars-serrano-un-any-despres-del-gran-incendi\/","og_locale":"ca_ES","og_type":"article","og_title":"Del desastre al renaixement! Autocars Serrano, un any despr\u00e9s del gran incendi | Autocares Serrano","og_description":"El 23 de juny del 2022, fa un any en la nit de Sant Joan, Autocars Serrano va sofrir un devastador incendi en la seva seu de Palafolls, on vuit autocars van quedar redu\u00efts a cendres. Va ser un moment esquin\u00e7ador per a l&#8217;empresa i per a tots els que formem part d&#8217;ella. No obstant [&hellip;]","og_url":"https:\/\/autocaresserrano.es\/ca\/del-desastre-al-renaixement-autocars-serrano-un-any-despres-del-gran-incendi\/","og_site_name":"Autocares Serrano","article_published_time":"2023-06-22T17:39:16+00:00","article_modified_time":"2023-06-22T19:06:33+00:00","og_image":[{"width":629,"height":258,"url":"https:\/\/autocaresserrano.es\/wp-content\/uploads\/2023\/06\/img.jpg","type":"image\/jpeg"}],"author":"Sib_admin","twitter_card":"summary_large_image","twitter_misc":{"Escrit per":"Sib_admin","Temps estimat de lectura":"2 minuts"},"schema":{"@context":"https:\/\/schema.org","@graph":[{"@type":"Article","@id":"https:\/\/autocaresserrano.es\/ca\/del-desastre-al-renaixement-autocars-serrano-un-any-despres-del-gran-incendi\/#article","isPartOf":{"@id":"https:\/\/autocaresserrano.es\/ca\/del-desastre-al-renaixement-autocars-serrano-un-any-despres-del-gran-incendi\/"},"author":{"name":"Sib_admin","@id":"https:\/\/autocaresserrano.es\/ca\/#\/schema\/person\/f4eff9eba2de4ad318af6f8d92396be1"},"headline":"Del desastre al renaixement! Autocars Serrano, un any despr\u00e9s del gran incendi","datePublished":"2023-06-22T17:39:16+00:00","dateModified":"2023-06-22T19:06:33+00:00","mainEntityOfPage":{"@id":"https:\/\/autocaresserrano.es\/ca\/del-desastre-al-renaixement-autocars-serrano-un-any-despres-del-gran-incendi\/"},"wordCount":345,"commentCount":0,"publisher":{"@id":"https:\/\/autocaresserrano.es\/ca\/#organization"},"image":{"@id":"https:\/\/autocaresserrano.es\/ca\/del-desastre-al-renaixement-autocars-serrano-un-any-despres-del-gran-incendi\/#primaryimage"},"thumbnailUrl":"https:\/\/autocaresserrano.es\/wp-content\/uploads\/2023\/06\/autocares-serrano-incendio-1.jpg","articleSection":["Uncategorized @ca"],"inLanguage":"ca","potentialAction":[{"@type":"CommentAction","name":"Comment","target":["https:\/\/autocaresserrano.es\/ca\/del-desastre-al-renaixement-autocars-serrano-un-any-despres-del-gran-incendi\/#respond"]}]},{"@type":"WebPage","@id":"https:\/\/autocaresserrano.es\/ca\/del-desastre-al-renaixement-autocars-serrano-un-any-despres-del-gran-incendi\/","url":"https:\/\/autocaresserrano.es\/ca\/del-desastre-al-renaixement-autocars-serrano-un-any-despres-del-gran-incendi\/","name":"Del desastre al renaixement! Autocars Serrano, un any despr\u00e9s del gran incendi | Autocares Serrano","isPartOf":{"@id":"https:\/\/autocaresserrano.es\/ca\/#website"},"primaryImageOfPage":{"@id":"https:\/\/autocaresserrano.es\/ca\/del-desastre-al-renaixement-autocars-serrano-un-any-despres-del-gran-incendi\/#primaryimage"},"image":{"@id":"https:\/\/autocaresserrano.es\/ca\/del-desastre-al-renaixement-autocars-serrano-un-any-despres-del-gran-incendi\/#primaryimage"},"thumbnailUrl":"https:\/\/autocaresserrano.es\/wp-content\/uploads\/2023\/06\/autocares-serrano-incendio-1.jpg","datePublished":"2023-06-22T17:39:16+00:00","dateModified":"2023-06-22T19:06:33+00:00","breadcrumb":{"@id":"https:\/\/autocaresserrano.es\/ca\/del-desastre-al-renaixement-autocars-serrano-un-any-despres-del-gran-incendi\/#breadcrumb"},"inLanguage":"ca","potentialAction":[{"@type":"ReadAction","target":["https:\/\/autocaresserrano.es\/ca\/del-desastre-al-renaixement-autocars-serrano-un-any-despres-del-gran-incendi\/"]}]},{"@type":"ImageObject","inLanguage":"ca","@id":"https:\/\/autocaresserrano.es\/ca\/del-desastre-al-renaixement-autocars-serrano-un-any-despres-del-gran-incendi\/#primaryimage","url":"https:\/\/autocaresserrano.es\/wp-content\/uploads\/2023\/06\/autocares-serrano-incendio-1.jpg","contentUrl":"https:\/\/autocaresserrano.es\/wp-content\/uploads\/2023\/06\/autocares-serrano-incendio-1.jpg","width":1024,"height":768},{"@type":"BreadcrumbList","@id":"https:\/\/autocaresserrano.es\/ca\/del-desastre-al-renaixement-autocars-serrano-un-any-despres-del-gran-incendi\/#breadcrumb","itemListElement":[{"@type":"ListItem","position":1,"name":"Portada","item":"https:\/\/autocaresserrano.es\/ca\/inici\/"},{"@type":"ListItem","position":2,"name":"Del desastre al renaixement! Autocars Serrano, un any despr\u00e9s del gran incendi"}]},{"@type":"WebSite","@id":"https:\/\/autocaresserrano.es\/ca\/#website","url":"https:\/\/autocaresserrano.es\/ca\/","name":"Autocares Serrano","description":"Otro sitio realizado con WordPress","publisher":{"@id":"https:\/\/autocaresserrano.es\/ca\/#organization"},"potentialAction":[{"@type":"SearchAction","target":{"@type":"EntryPoint","urlTemplate":"https:\/\/autocaresserrano.es\/ca\/?s={search_term_string}"},"query-input":{"@type":"PropertyValueSpecification","valueRequired":true,"valueName":"search_term_string"}}],"inLanguage":"ca"},{"@type":"Organization","@id":"https:\/\/autocaresserrano.es\/ca\/#organization","name":"Autocares Serrano","url":"https:\/\/autocaresserrano.es\/ca\/","logo":{"@type":"ImageObject","inLanguage":"ca","@id":"https:\/\/autocaresserrano.es\/ca\/#\/schema\/logo\/image\/","url":"http:\/\/autocares.iditalweb.com\/wp-content\/uploads\/2022\/08\/autocares-serrano-logo.png","contentUrl":"http:\/\/autocares.iditalweb.com\/wp-content\/uploads\/2022\/08\/autocares-serrano-logo.png","width":500,"height":345,"caption":"Autocares Serrano"},"image":{"@id":"https:\/\/autocaresserrano.es\/ca\/#\/schema\/logo\/image\/"}},{"@type":"Person","@id":"https:\/\/autocaresserrano.es\/ca\/#\/schema\/person\/f4eff9eba2de4ad318af6f8d92396be1","name":"Sib_admin","image":{"@type":"ImageObject","inLanguage":"ca","@id":"https:\/\/autocaresserrano.es\/ca\/#\/schema\/person\/image\/","url":"https:\/\/secure.gravatar.com\/avatar\/836b6024b179bb1aa8efce237033cdaabf4542eed580465f032be91b7e53cc9a?s=96&d=mm&r=g","contentUrl":"https:\/\/secure.gravatar.com\/avatar\/836b6024b179bb1aa8efce237033cdaabf4542eed580465f032be91b7e53cc9a?s=96&d=mm&r=g","caption":"Sib_admin"}}]}},"_links":{"self":[{"href":"https:\/\/autocaresserrano.es\/ca\/wp-json\/wp\/v2\/posts\/2500","targetHints":{"allow":["GET"]}}],"collection":[{"href":"https:\/\/autocaresserrano.es\/ca\/wp-json\/wp\/v2\/posts"}],"about":[{"href":"https:\/\/autocaresserrano.es\/ca\/wp-json\/wp\/v2\/types\/post"}],"author":[{"embeddable":true,"href":"https:\/\/autocaresserrano.es\/ca\/wp-json\/wp\/v2\/users\/2"}],"replies":[{"embeddable":true,"href":"https:\/\/autocaresserrano.es\/ca\/wp-json\/wp\/v2\/comments?post=2500"}],"version-history":[{"count":2,"href":"https:\/\/autocaresserrano.es\/ca\/wp-json\/wp\/v2\/posts\/2500\/revisions"}],"predecessor-version":[{"id":2509,"href":"https:\/\/autocaresserrano.es\/ca\/wp-json\/wp\/v2\/posts\/2500\/revisions\/2509"}],"wp:featuredmedia":[{"embeddable":true,"href":"https:\/\/autocaresserrano.es\/ca\/wp-json\/wp\/v2\/media\/2516"}],"wp:attachment":[{"href":"https:\/\/autocaresserrano.es\/ca\/wp-json\/wp\/v2\/media?parent=2500"}],"wp:term":[{"taxonomy":"category","embeddable":true,"href":"https:\/\/autocaresserrano.es\/ca\/wp-json\/wp\/v2\/categories?post=2500"},{"taxonomy":"post_tag","embeddable":true,"href":"https:\/\/autocaresserrano.es\/ca\/wp-json\/wp\/v2\/tags?post=2500"}],"curies":[{"name":"wp","href":"https:\/\/api.w.org\/{rel}","templated":true}]}}