{"id":2758,"date":"2024-01-31T16:16:10","date_gmt":"2024-01-31T15:16:10","guid":{"rendered":"https:\/\/autocaresserrano.es\/collaboracio-amb-el-club-joventut-badalona\/"},"modified":"2024-01-31T16:21:07","modified_gmt":"2024-01-31T15:21:07","slug":"collaboracio-amb-el-club-joventut-badalona","status":"publish","type":"post","link":"https:\/\/autocaresserrano.es\/ca\/collaboracio-amb-el-club-joventut-badalona\/","title":{"rendered":"Col\u00b7laboraci\u00f3 amb el Club Joventut Badalona"},"content":{"rendered":"\n<p>En <strong>Autocars Serrano<\/strong> volem anunciar la nostra col\u00b7laboraci\u00f3 amb el <strong>Club Joventut Badalona<\/strong>, per a donar servei de transport als equips S\u00e8niors, femen\u00ed i mascul\u00ed, com a <strong>l\u2019Escola de B\u00e0squet Club Joventut Badalona.<\/strong><\/p>\n\n<p>S&#8217;ha personalitzat l&#8217;autocar que utilitzem per als serveis del Club, vinilando el vehicle amb els colors i l&#8217;emblema del Club Joventut Badalona. Aquesta iniciativa no sols refor\u00e7a la identitat visual del club en moviment, sin\u00f3 que tamb\u00e9 crea un sentit de pertinen\u00e7a i orgull entre els jugadors i el personal de l&#8217;equip.<\/p>\n\n<p>Agra\u00efm la confian\u00e7a dipositada en Autocars Serrano per part del Club Joventut Badalona i esperem contribuir al seu \u00e8xit continu per molt de temps. La uni\u00f3 de les nostres forces reflecteix el nostre comprom\u00eds compartit amb l&#8217;excel\u00b7l\u00e8ncia i el desig de superar els l\u00edmits en cada aspecte de l&#8217;esport.<\/p>\n\n<p><strong>#AutocaresSerrano #ClubJoventutBadalona #Colaboraci\u00f3nDeportiva<\/strong><\/p>\n","protected":false},"excerpt":{"rendered":"<p>En Autocars Serrano volem anunciar la nostra col\u00b7laboraci\u00f3 amb el Club Joventut Badalona, per a donar servei de transport als equips S\u00e8niors, femen\u00ed i mascul\u00ed, com a l\u2019Escola de B\u00e0squet Club Joventut Badalona. S&#8217;ha personalitzat l&#8217;autocar que utilitzem per als serveis del Club, vinilando el vehicle amb els colors i l&#8217;emblema del Club Joventut Badalona. [&hellip;]<\/p>\n","protected":false},"author":3,"featured_media":2754,"comment_status":"open","ping_status":"open","sticky":false,"template":"","format":"standard","meta":{"footnotes":""},"categories":[9],"tags":[47,48,49],"class_list":["post-2758","post","type-post","status-publish","format-standard","has-post-thumbnail","hentry","category-uncategorized-ca","tag-autocares-serrano-ca","tag-autocaresserrano-renacimiento-resiliencia-alquilerdeautocaresenbarcelona-alquilerdeautocaresdelujo-viajes-transporte-ca","tag-club-joventut-badalona-ca"],"yoast_head":"<!-- This site is optimized with the Yoast SEO plugin v25.2 - https:\/\/yoast.com\/wordpress\/plugins\/seo\/ -->\n<title>Col\u00b7laboraci\u00f3 amb el Club Joventut Badalona | Autocares Serrano<\/title>\n<meta name=\"robots\" content=\"index, follow, max-snippet:-1, max-image-preview:large, max-video-preview:-1\" \/>\n<link rel=\"canonical\" href=\"https:\/\/autocaresserrano.es\/ca\/collaboracio-amb-el-club-joventut-badalona\/\" \/>\n<meta property=\"og:locale\" content=\"ca_ES\" \/>\n<meta property=\"og:type\" content=\"article\" \/>\n<meta property=\"og:title\" content=\"Col\u00b7laboraci\u00f3 amb el Club Joventut Badalona | Autocares Serrano\" \/>\n<meta property=\"og:description\" content=\"En Autocars Serrano volem anunciar la nostra col\u00b7laboraci\u00f3 amb el Club Joventut Badalona, per a donar servei de transport als equips S\u00e8niors, femen\u00ed i mascul\u00ed, com a l\u2019Escola de B\u00e0squet Club Joventut Badalona. S&#8217;ha personalitzat l&#8217;autocar que utilitzem per als serveis del Club, vinilando el vehicle amb els colors i l&#8217;emblema del Club Joventut Badalona. [&hellip;]\" \/>\n<meta property=\"og:url\" content=\"https:\/\/autocaresserrano.es\/ca\/collaboracio-amb-el-club-joventut-badalona\/\" \/>\n<meta property=\"og:site_name\" content=\"Autocares Serrano\" \/>\n<meta property=\"article:published_time\" content=\"2024-01-31T15:16:10+00:00\" \/>\n<meta property=\"article:modified_time\" content=\"2024-01-31T15:21:07+00:00\" \/>\n<meta property=\"og:image\" content=\"https:\/\/autocaresserrano.es\/wp-content\/uploads\/2024\/01\/FOTO-3.jpeg\" \/>\n\t<meta property=\"og:image:width\" content=\"2048\" \/>\n\t<meta property=\"og:image:height\" content=\"1536\" \/>\n\t<meta property=\"og:image:type\" content=\"image\/jpeg\" \/>\n<meta name=\"author\" content=\"Serrano_edit\" \/>\n<meta name=\"twitter:card\" content=\"summary_large_image\" \/>\n<meta name=\"twitter:label1\" content=\"Escrit per\" \/>\n\t<meta name=\"twitter:data1\" content=\"Serrano_edit\" \/>\n\t<meta name=\"twitter:label2\" content=\"Temps estimat de lectura\" \/>\n\t<meta name=\"twitter:data2\" content=\"1 minut\" \/>\n<script type=\"application\/ld+json\" class=\"yoast-schema-graph\">{\"@context\":\"https:\/\/schema.org\",\"@graph\":[{\"@type\":\"Article\",\"@id\":\"https:\/\/autocaresserrano.es\/ca\/collaboracio-amb-el-club-joventut-badalona\/#article\",\"isPartOf\":{\"@id\":\"https:\/\/autocaresserrano.es\/ca\/collaboracio-amb-el-club-joventut-badalona\/\"},\"author\":{\"name\":\"Serrano_edit\",\"@id\":\"https:\/\/autocaresserrano.es\/ca\/#\/schema\/person\/d71ea0d58b06e215594111656638baa1\"},\"headline\":\"Col\u00b7laboraci\u00f3 amb el Club Joventut Badalona\",\"datePublished\":\"2024-01-31T15:16:10+00:00\",\"dateModified\":\"2024-01-31T15:21:07+00:00\",\"mainEntityOfPage\":{\"@id\":\"https:\/\/autocaresserrano.es\/ca\/collaboracio-amb-el-club-joventut-badalona\/\"},\"wordCount\":163,\"commentCount\":0,\"publisher\":{\"@id\":\"https:\/\/autocaresserrano.es\/ca\/#organization\"},\"image\":{\"@id\":\"https:\/\/autocaresserrano.es\/ca\/collaboracio-amb-el-club-joventut-badalona\/#primaryimage\"},\"thumbnailUrl\":\"https:\/\/autocaresserrano.es\/wp-content\/uploads\/2024\/01\/FOTO-3.jpeg\",\"keywords\":[\"autocares serrano\",\"AutocaresSerrano Renacimiento Resiliencia AlquilerDeAutocaresEnBarcelona #AlquilerDeAutocaresDeLujo Viajes Transporte\",\"Club Joventut Badalona\"],\"articleSection\":[\"Uncategorized @ca\"],\"inLanguage\":\"ca\",\"potentialAction\":[{\"@type\":\"CommentAction\",\"name\":\"Comment\",\"target\":[\"https:\/\/autocaresserrano.es\/ca\/collaboracio-amb-el-club-joventut-badalona\/#respond\"]}]},{\"@type\":\"WebPage\",\"@id\":\"https:\/\/autocaresserrano.es\/ca\/collaboracio-amb-el-club-joventut-badalona\/\",\"url\":\"https:\/\/autocaresserrano.es\/ca\/collaboracio-amb-el-club-joventut-badalona\/\",\"name\":\"Col\u00b7laboraci\u00f3 amb el Club Joventut Badalona | Autocares Serrano\",\"isPartOf\":{\"@id\":\"https:\/\/autocaresserrano.es\/ca\/#website\"},\"primaryImageOfPage\":{\"@id\":\"https:\/\/autocaresserrano.es\/ca\/collaboracio-amb-el-club-joventut-badalona\/#primaryimage\"},\"image\":{\"@id\":\"https:\/\/autocaresserrano.es\/ca\/collaboracio-amb-el-club-joventut-badalona\/#primaryimage\"},\"thumbnailUrl\":\"https:\/\/autocaresserrano.es\/wp-content\/uploads\/2024\/01\/FOTO-3.jpeg\",\"datePublished\":\"2024-01-31T15:16:10+00:00\",\"dateModified\":\"2024-01-31T15:21:07+00:00\",\"breadcrumb\":{\"@id\":\"https:\/\/autocaresserrano.es\/ca\/collaboracio-amb-el-club-joventut-badalona\/#breadcrumb\"},\"inLanguage\":\"ca\",\"potentialAction\":[{\"@type\":\"ReadAction\",\"target\":[\"https:\/\/autocaresserrano.es\/ca\/collaboracio-amb-el-club-joventut-badalona\/\"]}]},{\"@type\":\"ImageObject\",\"inLanguage\":\"ca\",\"@id\":\"https:\/\/autocaresserrano.es\/ca\/collaboracio-amb-el-club-joventut-badalona\/#primaryimage\",\"url\":\"https:\/\/autocaresserrano.es\/wp-content\/uploads\/2024\/01\/FOTO-3.jpeg\",\"contentUrl\":\"https:\/\/autocaresserrano.es\/wp-content\/uploads\/2024\/01\/FOTO-3.jpeg\",\"width\":2048,\"height\":1536},{\"@type\":\"BreadcrumbList\",\"@id\":\"https:\/\/autocaresserrano.es\/ca\/collaboracio-amb-el-club-joventut-badalona\/#breadcrumb\",\"itemListElement\":[{\"@type\":\"ListItem\",\"position\":1,\"name\":\"Portada\",\"item\":\"https:\/\/autocaresserrano.es\/ca\/inici\/\"},{\"@type\":\"ListItem\",\"position\":2,\"name\":\"Col\u00b7laboraci\u00f3 amb el Club Joventut Badalona\"}]},{\"@type\":\"WebSite\",\"@id\":\"https:\/\/autocaresserrano.es\/ca\/#website\",\"url\":\"https:\/\/autocaresserrano.es\/ca\/\",\"name\":\"Autocares Serrano\",\"description\":\"Otro sitio realizado con WordPress\",\"publisher\":{\"@id\":\"https:\/\/autocaresserrano.es\/ca\/#organization\"},\"potentialAction\":[{\"@type\":\"SearchAction\",\"target\":{\"@type\":\"EntryPoint\",\"urlTemplate\":\"https:\/\/autocaresserrano.es\/ca\/?s={search_term_string}\"},\"query-input\":{\"@type\":\"PropertyValueSpecification\",\"valueRequired\":true,\"valueName\":\"search_term_string\"}}],\"inLanguage\":\"ca\"},{\"@type\":\"Organization\",\"@id\":\"https:\/\/autocaresserrano.es\/ca\/#organization\",\"name\":\"Autocares Serrano\",\"url\":\"https:\/\/autocaresserrano.es\/ca\/\",\"logo\":{\"@type\":\"ImageObject\",\"inLanguage\":\"ca\",\"@id\":\"https:\/\/autocaresserrano.es\/ca\/#\/schema\/logo\/image\/\",\"url\":\"http:\/\/autocares.iditalweb.com\/wp-content\/uploads\/2022\/08\/autocares-serrano-logo.png\",\"contentUrl\":\"http:\/\/autocares.iditalweb.com\/wp-content\/uploads\/2022\/08\/autocares-serrano-logo.png\",\"width\":500,\"height\":345,\"caption\":\"Autocares Serrano\"},\"image\":{\"@id\":\"https:\/\/autocaresserrano.es\/ca\/#\/schema\/logo\/image\/\"}},{\"@type\":\"Person\",\"@id\":\"https:\/\/autocaresserrano.es\/ca\/#\/schema\/person\/d71ea0d58b06e215594111656638baa1\",\"name\":\"Serrano_edit\",\"image\":{\"@type\":\"ImageObject\",\"inLanguage\":\"ca\",\"@id\":\"https:\/\/autocaresserrano.es\/ca\/#\/schema\/person\/image\/\",\"url\":\"https:\/\/secure.gravatar.com\/avatar\/8d511ff9c382c9424958bbcf6293eeb9ed9866c25684a98b6d366bd14ff14a93?s=96&d=mm&r=g\",\"contentUrl\":\"https:\/\/secure.gravatar.com\/avatar\/8d511ff9c382c9424958bbcf6293eeb9ed9866c25684a98b6d366bd14ff14a93?s=96&d=mm&r=g\",\"caption\":\"Serrano_edit\"}}]}<\/script>\n<!-- \/ Yoast SEO plugin. -->","yoast_head_json":{"title":"Col\u00b7laboraci\u00f3 amb el Club Joventut Badalona | Autocares Serrano","robots":{"index":"index","follow":"follow","max-snippet":"max-snippet:-1","max-image-preview":"max-image-preview:large","max-video-preview":"max-video-preview:-1"},"canonical":"https:\/\/autocaresserrano.es\/ca\/collaboracio-amb-el-club-joventut-badalona\/","og_locale":"ca_ES","og_type":"article","og_title":"Col\u00b7laboraci\u00f3 amb el Club Joventut Badalona | Autocares Serrano","og_description":"En Autocars Serrano volem anunciar la nostra col\u00b7laboraci\u00f3 amb el Club Joventut Badalona, per a donar servei de transport als equips S\u00e8niors, femen\u00ed i mascul\u00ed, com a l\u2019Escola de B\u00e0squet Club Joventut Badalona. S&#8217;ha personalitzat l&#8217;autocar que utilitzem per als serveis del Club, vinilando el vehicle amb els colors i l&#8217;emblema del Club Joventut Badalona. [&hellip;]","og_url":"https:\/\/autocaresserrano.es\/ca\/collaboracio-amb-el-club-joventut-badalona\/","og_site_name":"Autocares Serrano","article_published_time":"2024-01-31T15:16:10+00:00","article_modified_time":"2024-01-31T15:21:07+00:00","og_image":[{"width":2048,"height":1536,"url":"https:\/\/autocaresserrano.es\/wp-content\/uploads\/2024\/01\/FOTO-3.jpeg","type":"image\/jpeg"}],"author":"Serrano_edit","twitter_card":"summary_large_image","twitter_misc":{"Escrit per":"Serrano_edit","Temps estimat de lectura":"1 minut"},"schema":{"@context":"https:\/\/schema.org","@graph":[{"@type":"Article","@id":"https:\/\/autocaresserrano.es\/ca\/collaboracio-amb-el-club-joventut-badalona\/#article","isPartOf":{"@id":"https:\/\/autocaresserrano.es\/ca\/collaboracio-amb-el-club-joventut-badalona\/"},"author":{"name":"Serrano_edit","@id":"https:\/\/autocaresserrano.es\/ca\/#\/schema\/person\/d71ea0d58b06e215594111656638baa1"},"headline":"Col\u00b7laboraci\u00f3 amb el Club Joventut Badalona","datePublished":"2024-01-31T15:16:10+00:00","dateModified":"2024-01-31T15:21:07+00:00","mainEntityOfPage":{"@id":"https:\/\/autocaresserrano.es\/ca\/collaboracio-amb-el-club-joventut-badalona\/"},"wordCount":163,"commentCount":0,"publisher":{"@id":"https:\/\/autocaresserrano.es\/ca\/#organization"},"image":{"@id":"https:\/\/autocaresserrano.es\/ca\/collaboracio-amb-el-club-joventut-badalona\/#primaryimage"},"thumbnailUrl":"https:\/\/autocaresserrano.es\/wp-content\/uploads\/2024\/01\/FOTO-3.jpeg","keywords":["autocares serrano","AutocaresSerrano Renacimiento Resiliencia AlquilerDeAutocaresEnBarcelona #AlquilerDeAutocaresDeLujo Viajes Transporte","Club Joventut Badalona"],"articleSection":["Uncategorized @ca"],"inLanguage":"ca","potentialAction":[{"@type":"CommentAction","name":"Comment","target":["https:\/\/autocaresserrano.es\/ca\/collaboracio-amb-el-club-joventut-badalona\/#respond"]}]},{"@type":"WebPage","@id":"https:\/\/autocaresserrano.es\/ca\/collaboracio-amb-el-club-joventut-badalona\/","url":"https:\/\/autocaresserrano.es\/ca\/collaboracio-amb-el-club-joventut-badalona\/","name":"Col\u00b7laboraci\u00f3 amb el Club Joventut Badalona | Autocares Serrano","isPartOf":{"@id":"https:\/\/autocaresserrano.es\/ca\/#website"},"primaryImageOfPage":{"@id":"https:\/\/autocaresserrano.es\/ca\/collaboracio-amb-el-club-joventut-badalona\/#primaryimage"},"image":{"@id":"https:\/\/autocaresserrano.es\/ca\/collaboracio-amb-el-club-joventut-badalona\/#primaryimage"},"thumbnailUrl":"https:\/\/autocaresserrano.es\/wp-content\/uploads\/2024\/01\/FOTO-3.jpeg","datePublished":"2024-01-31T15:16:10+00:00","dateModified":"2024-01-31T15:21:07+00:00","breadcrumb":{"@id":"https:\/\/autocaresserrano.es\/ca\/collaboracio-amb-el-club-joventut-badalona\/#breadcrumb"},"inLanguage":"ca","potentialAction":[{"@type":"ReadAction","target":["https:\/\/autocaresserrano.es\/ca\/collaboracio-amb-el-club-joventut-badalona\/"]}]},{"@type":"ImageObject","inLanguage":"ca","@id":"https:\/\/autocaresserrano.es\/ca\/collaboracio-amb-el-club-joventut-badalona\/#primaryimage","url":"https:\/\/autocaresserrano.es\/wp-content\/uploads\/2024\/01\/FOTO-3.jpeg","contentUrl":"https:\/\/autocaresserrano.es\/wp-content\/uploads\/2024\/01\/FOTO-3.jpeg","width":2048,"height":1536},{"@type":"BreadcrumbList","@id":"https:\/\/autocaresserrano.es\/ca\/collaboracio-amb-el-club-joventut-badalona\/#breadcrumb","itemListElement":[{"@type":"ListItem","position":1,"name":"Portada","item":"https:\/\/autocaresserrano.es\/ca\/inici\/"},{"@type":"ListItem","position":2,"name":"Col\u00b7laboraci\u00f3 amb el Club Joventut Badalona"}]},{"@type":"WebSite","@id":"https:\/\/autocaresserrano.es\/ca\/#website","url":"https:\/\/autocaresserrano.es\/ca\/","name":"Autocares Serrano","description":"Otro sitio realizado con WordPress","publisher":{"@id":"https:\/\/autocaresserrano.es\/ca\/#organization"},"potentialAction":[{"@type":"SearchAction","target":{"@type":"EntryPoint","urlTemplate":"https:\/\/autocaresserrano.es\/ca\/?s={search_term_string}"},"query-input":{"@type":"PropertyValueSpecification","valueRequired":true,"valueName":"search_term_string"}}],"inLanguage":"ca"},{"@type":"Organization","@id":"https:\/\/autocaresserrano.es\/ca\/#organization","name":"Autocares Serrano","url":"https:\/\/autocaresserrano.es\/ca\/","logo":{"@type":"ImageObject","inLanguage":"ca","@id":"https:\/\/autocaresserrano.es\/ca\/#\/schema\/logo\/image\/","url":"http:\/\/autocares.iditalweb.com\/wp-content\/uploads\/2022\/08\/autocares-serrano-logo.png","contentUrl":"http:\/\/autocares.iditalweb.com\/wp-content\/uploads\/2022\/08\/autocares-serrano-logo.png","width":500,"height":345,"caption":"Autocares Serrano"},"image":{"@id":"https:\/\/autocaresserrano.es\/ca\/#\/schema\/logo\/image\/"}},{"@type":"Person","@id":"https:\/\/autocaresserrano.es\/ca\/#\/schema\/person\/d71ea0d58b06e215594111656638baa1","name":"Serrano_edit","image":{"@type":"ImageObject","inLanguage":"ca","@id":"https:\/\/autocaresserrano.es\/ca\/#\/schema\/person\/image\/","url":"https:\/\/secure.gravatar.com\/avatar\/8d511ff9c382c9424958bbcf6293eeb9ed9866c25684a98b6d366bd14ff14a93?s=96&d=mm&r=g","contentUrl":"https:\/\/secure.gravatar.com\/avatar\/8d511ff9c382c9424958bbcf6293eeb9ed9866c25684a98b6d366bd14ff14a93?s=96&d=mm&r=g","caption":"Serrano_edit"}}]}},"_links":{"self":[{"href":"https:\/\/autocaresserrano.es\/ca\/wp-json\/wp\/v2\/posts\/2758","targetHints":{"allow":["GET"]}}],"collection":[{"href":"https:\/\/autocaresserrano.es\/ca\/wp-json\/wp\/v2\/posts"}],"about":[{"href":"https:\/\/autocaresserrano.es\/ca\/wp-json\/wp\/v2\/types\/post"}],"author":[{"embeddable":true,"href":"https:\/\/autocaresserrano.es\/ca\/wp-json\/wp\/v2\/users\/3"}],"replies":[{"embeddable":true,"href":"https:\/\/autocaresserrano.es\/ca\/wp-json\/wp\/v2\/comments?post=2758"}],"version-history":[{"count":1,"href":"https:\/\/autocaresserrano.es\/ca\/wp-json\/wp\/v2\/posts\/2758\/revisions"}],"predecessor-version":[{"id":2759,"href":"https:\/\/autocaresserrano.es\/ca\/wp-json\/wp\/v2\/posts\/2758\/revisions\/2759"}],"wp:featuredmedia":[{"embeddable":true,"href":"https:\/\/autocaresserrano.es\/ca\/wp-json\/wp\/v2\/media\/2754"}],"wp:attachment":[{"href":"https:\/\/autocaresserrano.es\/ca\/wp-json\/wp\/v2\/media?parent=2758"}],"wp:term":[{"taxonomy":"category","embeddable":true,"href":"https:\/\/autocaresserrano.es\/ca\/wp-json\/wp\/v2\/categories?post=2758"},{"taxonomy":"post_tag","embeddable":true,"href":"https:\/\/autocaresserrano.es\/ca\/wp-json\/wp\/v2\/tags?post=2758"}],"curies":[{"name":"wp","href":"https:\/\/api.w.org\/{rel}","templated":true}]}}