{"id":2785,"date":"2024-03-20T13:44:59","date_gmt":"2024-03-20T12:44:59","guid":{"rendered":"https:\/\/autocaresserrano.es\/benvinguts-a-la-primavera-amb-autocares-serrano\/"},"modified":"2024-03-20T14:18:34","modified_gmt":"2024-03-20T13:18:34","slug":"benvinguts-a-la-primavera-amb-autocares-serrano","status":"publish","type":"post","link":"https:\/\/autocaresserrano.es\/ca\/benvinguts-a-la-primavera-amb-autocares-serrano\/","title":{"rendered":"Benvinguts a la Primavera amb Autocares Serrano!"},"content":{"rendered":"\n<p>Avui, 20 de mar\u00e7 del 2024, iniciem la primavera, i amb aix\u00f2, els dies s&#8217;allarguen m\u00e9s i aprofitem m\u00e9s el temps per a realitzar activitats en el nostre temps lliure.<\/p>\n\n<p>Amb l&#8217;arribada del bon temps, l&#8217;augment de les temperatures marca l&#8217;inici de temporada, i en Autocares Serrano comencem la temporada a la Costa Brava i Barcelona amb activitats variades com a p\u00f2quer, grups, lligues, i molt m\u00e9s.<\/p>\n\n<p>La Costa Brava \u00e9s una destinaci\u00f3 de somni durant la primavera, i Autocares Serrano est\u00e0 llest per a portar-te all\u00e0 amb el nostre servei de lloguer d&#8217;autocars en la Costa Brava. Platges d&#8217;aig\u00fces cristal\u00b7lines, pobles pintorescos i una gastronomia mediterr\u00e0nia, la Costa Brava ofereix tot tipus de turisme per a tots els p\u00fablics.<\/p>\n\n<p>Propostes de Visites per la Costa Brava:<\/p>\n\n<ol class=\"wp-block-list\" start=\"1\">\n<li><strong>Calella de Palafrugell:<\/strong> Deixa&#8217;t enamorar per l&#8217;encant d&#8217;aquest bell poble pesquer, amb els seus carrers empedrats, cases blanques i cales amagades.<\/li>\n\n\n\n<li><strong>Tossa de Mar:<\/strong> Descobreix la impressionant ciutat medieval de Tossa de Mar, amb el seu imponent castell i les seves vistes panor\u00e0miques al Mediterrani.<\/li>\n\n\n\n<li><strong>Cadaqu\u00e9s:<\/strong> Submergeix-te en la bellesa \u00fanica de Cadaqu\u00e9s, la llar del fam\u00f3s pintor Salvador Dal\u00ed, amb els seus carrers estrets i la seva atmosfera boh\u00e8mia.<\/li>\n<\/ol>\n\n<p>Avantatges de Viatjar amb Autocares Serrano:<\/p>\n\n<ul class=\"wp-block-list\">\n<li><strong>Comoditat, Seguretat i Sostenibilitat:<\/strong> Els nostres autocars estan equipats amb les \u00faltimes comoditats i mesures de seguretat per a garantir un viatge c\u00f2mode i segur. A m\u00e9s, complim amb la normativa EURO VI, protegint aix\u00ed el medi ambient en cada viatge.<\/li>\n\n\n\n<li><strong>Experi\u00e8ncia Professional:<\/strong> Els nostres conductors experts estan compromesos a proporcionar un servei de qualitat i a fer que el seu viatge sigui el m\u00e9s plaent possible.<\/li>\n\n\n\n<li><strong>Flexibilitat:<\/strong> Adaptem els nostres serveis a les teves necessitats espec\u00edfiques, ja sigui un viatge en grup, un tour personalitzat o una excursi\u00f3 familiar.<\/li>\n<\/ul>\n\n<p>No pots perdre&#8217;t les festes populars que se celebren durant la primavera en la Costa Brava i els seus voltants:<\/p>\n\n<ul class=\"wp-block-list\">\n<li><strong>Festes de Primavera de la Rambla de la Llibertat i Argenteria, Girona:<\/strong> El 23 d&#8217;abril, gaudeix d&#8217;aquestes festivitats plenes de color i alegria als carrers de Girona<\/li>\n\n\n\n<li><strong>TRADUEIX &#8216;Temps de Flors&#8217; en Gerona:<\/strong> Del 7 al 15 de mayo, la ciudad se viste de gala con la reconocida exposici\u00f3n de flores &#8216;Temps de Flors&#8217;. &#8216;Temps de Flors&#8217; a Girona: Del 7 al 15 de maig, la ciutat es vesteix de gala amb la reconeguda exposici\u00f3 de flors &#8216;Temps de Flors&#8217;. Des dels seus carrers fins als seus comer\u00e7os, Girona s&#8217;omple de bellesa i frag\u00e0ncia.<\/li>\n\n\n\n<li><strong>Festival de &#8220;Flors i Violis&#8221;, a Palafrugell:<\/strong> Del 29 d&#8217;abril a l&#8217;1 de maig, uneix-te a aquest festival a Palafrugell on les flors i la m\u00fasica s\u00f3n els protagonistes.<\/li>\n<\/ul>\n\n<p>Reserva Ahora No esperes m\u00e1s para planificar tu escapada primaveral con nosotros. Reserva Ara No esperis m\u00e9s per a planificar la teva escapada primaveral amb nosaltres.<\/p>\n\n<p>Feli\u00e7 Primavera!<\/p>\n\n<p>Autocares Serrano<\/p>\n","protected":false},"excerpt":{"rendered":"<p>Avui, 20 de mar\u00e7 del 2024, iniciem la primavera, i amb aix\u00f2, els dies s&#8217;allarguen m\u00e9s i aprofitem m\u00e9s el temps per a realitzar activitats en el nostre temps lliure. Amb l&#8217;arribada del bon temps, l&#8217;augment de les temperatures marca l&#8217;inici de temporada, i en Autocares Serrano comencem la temporada a la Costa Brava i [&hellip;]<\/p>\n","protected":false},"author":3,"featured_media":2797,"comment_status":"closed","ping_status":"closed","sticky":false,"template":"","format":"standard","meta":{"footnotes":""},"categories":[9],"tags":[],"class_list":["post-2785","post","type-post","status-publish","format-standard","has-post-thumbnail","hentry","category-uncategorized-ca"],"yoast_head":"<!-- This site is optimized with the Yoast SEO plugin v25.2 - https:\/\/yoast.com\/wordpress\/plugins\/seo\/ -->\n<title>Benvinguts a la Primavera amb Autocares Serrano! | Autocares Serrano<\/title>\n<meta name=\"robots\" content=\"index, follow, max-snippet:-1, max-image-preview:large, max-video-preview:-1\" \/>\n<link rel=\"canonical\" href=\"https:\/\/autocaresserrano.es\/ca\/benvinguts-a-la-primavera-amb-autocares-serrano\/\" \/>\n<meta property=\"og:locale\" content=\"ca_ES\" \/>\n<meta property=\"og:type\" content=\"article\" \/>\n<meta property=\"og:title\" content=\"Benvinguts a la Primavera amb Autocares Serrano! | Autocares Serrano\" \/>\n<meta property=\"og:description\" content=\"Avui, 20 de mar\u00e7 del 2024, iniciem la primavera, i amb aix\u00f2, els dies s&#8217;allarguen m\u00e9s i aprofitem m\u00e9s el temps per a realitzar activitats en el nostre temps lliure. Amb l&#8217;arribada del bon temps, l&#8217;augment de les temperatures marca l&#8217;inici de temporada, i en Autocares Serrano comencem la temporada a la Costa Brava i [&hellip;]\" \/>\n<meta property=\"og:url\" content=\"https:\/\/autocaresserrano.es\/ca\/benvinguts-a-la-primavera-amb-autocares-serrano\/\" \/>\n<meta property=\"og:site_name\" content=\"Autocares Serrano\" \/>\n<meta property=\"article:published_time\" content=\"2024-03-20T12:44:59+00:00\" \/>\n<meta property=\"article:modified_time\" content=\"2024-03-20T13:18:34+00:00\" \/>\n<meta property=\"og:image\" content=\"https:\/\/autocaresserrano.es\/wp-content\/uploads\/2024\/03\/colorido-paisaje-retro-vaporwave-scaled.jpg\" \/>\n\t<meta property=\"og:image:width\" content=\"2560\" \/>\n\t<meta property=\"og:image:height\" content=\"1707\" \/>\n\t<meta property=\"og:image:type\" content=\"image\/jpeg\" \/>\n<meta name=\"author\" content=\"Serrano_edit\" \/>\n<meta name=\"twitter:card\" content=\"summary_large_image\" \/>\n<meta name=\"twitter:label1\" content=\"Escrit per\" \/>\n\t<meta name=\"twitter:data1\" content=\"Serrano_edit\" \/>\n\t<meta name=\"twitter:label2\" content=\"Temps estimat de lectura\" \/>\n\t<meta name=\"twitter:data2\" content=\"2 minuts\" \/>\n<script type=\"application\/ld+json\" class=\"yoast-schema-graph\">{\"@context\":\"https:\/\/schema.org\",\"@graph\":[{\"@type\":\"Article\",\"@id\":\"https:\/\/autocaresserrano.es\/ca\/benvinguts-a-la-primavera-amb-autocares-serrano\/#article\",\"isPartOf\":{\"@id\":\"https:\/\/autocaresserrano.es\/ca\/benvinguts-a-la-primavera-amb-autocares-serrano\/\"},\"author\":{\"name\":\"Serrano_edit\",\"@id\":\"https:\/\/autocaresserrano.es\/ca\/#\/schema\/person\/d71ea0d58b06e215594111656638baa1\"},\"headline\":\"Benvinguts a la Primavera amb Autocares Serrano!\",\"datePublished\":\"2024-03-20T12:44:59+00:00\",\"dateModified\":\"2024-03-20T13:18:34+00:00\",\"mainEntityOfPage\":{\"@id\":\"https:\/\/autocaresserrano.es\/ca\/benvinguts-a-la-primavera-amb-autocares-serrano\/\"},\"wordCount\":504,\"publisher\":{\"@id\":\"https:\/\/autocaresserrano.es\/ca\/#organization\"},\"image\":{\"@id\":\"https:\/\/autocaresserrano.es\/ca\/benvinguts-a-la-primavera-amb-autocares-serrano\/#primaryimage\"},\"thumbnailUrl\":\"https:\/\/autocaresserrano.es\/wp-content\/uploads\/2024\/03\/colorido-paisaje-retro-vaporwave-scaled.jpg\",\"articleSection\":[\"Uncategorized @ca\"],\"inLanguage\":\"ca\"},{\"@type\":\"WebPage\",\"@id\":\"https:\/\/autocaresserrano.es\/ca\/benvinguts-a-la-primavera-amb-autocares-serrano\/\",\"url\":\"https:\/\/autocaresserrano.es\/ca\/benvinguts-a-la-primavera-amb-autocares-serrano\/\",\"name\":\"Benvinguts a la Primavera amb Autocares Serrano! | Autocares Serrano\",\"isPartOf\":{\"@id\":\"https:\/\/autocaresserrano.es\/ca\/#website\"},\"primaryImageOfPage\":{\"@id\":\"https:\/\/autocaresserrano.es\/ca\/benvinguts-a-la-primavera-amb-autocares-serrano\/#primaryimage\"},\"image\":{\"@id\":\"https:\/\/autocaresserrano.es\/ca\/benvinguts-a-la-primavera-amb-autocares-serrano\/#primaryimage\"},\"thumbnailUrl\":\"https:\/\/autocaresserrano.es\/wp-content\/uploads\/2024\/03\/colorido-paisaje-retro-vaporwave-scaled.jpg\",\"datePublished\":\"2024-03-20T12:44:59+00:00\",\"dateModified\":\"2024-03-20T13:18:34+00:00\",\"breadcrumb\":{\"@id\":\"https:\/\/autocaresserrano.es\/ca\/benvinguts-a-la-primavera-amb-autocares-serrano\/#breadcrumb\"},\"inLanguage\":\"ca\",\"potentialAction\":[{\"@type\":\"ReadAction\",\"target\":[\"https:\/\/autocaresserrano.es\/ca\/benvinguts-a-la-primavera-amb-autocares-serrano\/\"]}]},{\"@type\":\"ImageObject\",\"inLanguage\":\"ca\",\"@id\":\"https:\/\/autocaresserrano.es\/ca\/benvinguts-a-la-primavera-amb-autocares-serrano\/#primaryimage\",\"url\":\"https:\/\/autocaresserrano.es\/wp-content\/uploads\/2024\/03\/colorido-paisaje-retro-vaporwave-scaled.jpg\",\"contentUrl\":\"https:\/\/autocaresserrano.es\/wp-content\/uploads\/2024\/03\/colorido-paisaje-retro-vaporwave-scaled.jpg\",\"width\":2560,\"height\":1707},{\"@type\":\"BreadcrumbList\",\"@id\":\"https:\/\/autocaresserrano.es\/ca\/benvinguts-a-la-primavera-amb-autocares-serrano\/#breadcrumb\",\"itemListElement\":[{\"@type\":\"ListItem\",\"position\":1,\"name\":\"Portada\",\"item\":\"https:\/\/autocaresserrano.es\/ca\/inici\/\"},{\"@type\":\"ListItem\",\"position\":2,\"name\":\"Benvinguts a la Primavera amb Autocares Serrano!\"}]},{\"@type\":\"WebSite\",\"@id\":\"https:\/\/autocaresserrano.es\/ca\/#website\",\"url\":\"https:\/\/autocaresserrano.es\/ca\/\",\"name\":\"Autocares Serrano\",\"description\":\"Otro sitio realizado con WordPress\",\"publisher\":{\"@id\":\"https:\/\/autocaresserrano.es\/ca\/#organization\"},\"potentialAction\":[{\"@type\":\"SearchAction\",\"target\":{\"@type\":\"EntryPoint\",\"urlTemplate\":\"https:\/\/autocaresserrano.es\/ca\/?s={search_term_string}\"},\"query-input\":{\"@type\":\"PropertyValueSpecification\",\"valueRequired\":true,\"valueName\":\"search_term_string\"}}],\"inLanguage\":\"ca\"},{\"@type\":\"Organization\",\"@id\":\"https:\/\/autocaresserrano.es\/ca\/#organization\",\"name\":\"Autocares Serrano\",\"url\":\"https:\/\/autocaresserrano.es\/ca\/\",\"logo\":{\"@type\":\"ImageObject\",\"inLanguage\":\"ca\",\"@id\":\"https:\/\/autocaresserrano.es\/ca\/#\/schema\/logo\/image\/\",\"url\":\"http:\/\/autocares.iditalweb.com\/wp-content\/uploads\/2022\/08\/autocares-serrano-logo.png\",\"contentUrl\":\"http:\/\/autocares.iditalweb.com\/wp-content\/uploads\/2022\/08\/autocares-serrano-logo.png\",\"width\":500,\"height\":345,\"caption\":\"Autocares Serrano\"},\"image\":{\"@id\":\"https:\/\/autocaresserrano.es\/ca\/#\/schema\/logo\/image\/\"}},{\"@type\":\"Person\",\"@id\":\"https:\/\/autocaresserrano.es\/ca\/#\/schema\/person\/d71ea0d58b06e215594111656638baa1\",\"name\":\"Serrano_edit\",\"image\":{\"@type\":\"ImageObject\",\"inLanguage\":\"ca\",\"@id\":\"https:\/\/autocaresserrano.es\/ca\/#\/schema\/person\/image\/\",\"url\":\"https:\/\/secure.gravatar.com\/avatar\/8d511ff9c382c9424958bbcf6293eeb9ed9866c25684a98b6d366bd14ff14a93?s=96&d=mm&r=g\",\"contentUrl\":\"https:\/\/secure.gravatar.com\/avatar\/8d511ff9c382c9424958bbcf6293eeb9ed9866c25684a98b6d366bd14ff14a93?s=96&d=mm&r=g\",\"caption\":\"Serrano_edit\"}}]}<\/script>\n<!-- \/ Yoast SEO plugin. -->","yoast_head_json":{"title":"Benvinguts a la Primavera amb Autocares Serrano! | Autocares Serrano","robots":{"index":"index","follow":"follow","max-snippet":"max-snippet:-1","max-image-preview":"max-image-preview:large","max-video-preview":"max-video-preview:-1"},"canonical":"https:\/\/autocaresserrano.es\/ca\/benvinguts-a-la-primavera-amb-autocares-serrano\/","og_locale":"ca_ES","og_type":"article","og_title":"Benvinguts a la Primavera amb Autocares Serrano! | Autocares Serrano","og_description":"Avui, 20 de mar\u00e7 del 2024, iniciem la primavera, i amb aix\u00f2, els dies s&#8217;allarguen m\u00e9s i aprofitem m\u00e9s el temps per a realitzar activitats en el nostre temps lliure. Amb l&#8217;arribada del bon temps, l&#8217;augment de les temperatures marca l&#8217;inici de temporada, i en Autocares Serrano comencem la temporada a la Costa Brava i [&hellip;]","og_url":"https:\/\/autocaresserrano.es\/ca\/benvinguts-a-la-primavera-amb-autocares-serrano\/","og_site_name":"Autocares Serrano","article_published_time":"2024-03-20T12:44:59+00:00","article_modified_time":"2024-03-20T13:18:34+00:00","og_image":[{"width":2560,"height":1707,"url":"https:\/\/autocaresserrano.es\/wp-content\/uploads\/2024\/03\/colorido-paisaje-retro-vaporwave-scaled.jpg","type":"image\/jpeg"}],"author":"Serrano_edit","twitter_card":"summary_large_image","twitter_misc":{"Escrit per":"Serrano_edit","Temps estimat de lectura":"2 minuts"},"schema":{"@context":"https:\/\/schema.org","@graph":[{"@type":"Article","@id":"https:\/\/autocaresserrano.es\/ca\/benvinguts-a-la-primavera-amb-autocares-serrano\/#article","isPartOf":{"@id":"https:\/\/autocaresserrano.es\/ca\/benvinguts-a-la-primavera-amb-autocares-serrano\/"},"author":{"name":"Serrano_edit","@id":"https:\/\/autocaresserrano.es\/ca\/#\/schema\/person\/d71ea0d58b06e215594111656638baa1"},"headline":"Benvinguts a la Primavera amb Autocares Serrano!","datePublished":"2024-03-20T12:44:59+00:00","dateModified":"2024-03-20T13:18:34+00:00","mainEntityOfPage":{"@id":"https:\/\/autocaresserrano.es\/ca\/benvinguts-a-la-primavera-amb-autocares-serrano\/"},"wordCount":504,"publisher":{"@id":"https:\/\/autocaresserrano.es\/ca\/#organization"},"image":{"@id":"https:\/\/autocaresserrano.es\/ca\/benvinguts-a-la-primavera-amb-autocares-serrano\/#primaryimage"},"thumbnailUrl":"https:\/\/autocaresserrano.es\/wp-content\/uploads\/2024\/03\/colorido-paisaje-retro-vaporwave-scaled.jpg","articleSection":["Uncategorized @ca"],"inLanguage":"ca"},{"@type":"WebPage","@id":"https:\/\/autocaresserrano.es\/ca\/benvinguts-a-la-primavera-amb-autocares-serrano\/","url":"https:\/\/autocaresserrano.es\/ca\/benvinguts-a-la-primavera-amb-autocares-serrano\/","name":"Benvinguts a la Primavera amb Autocares Serrano! | Autocares Serrano","isPartOf":{"@id":"https:\/\/autocaresserrano.es\/ca\/#website"},"primaryImageOfPage":{"@id":"https:\/\/autocaresserrano.es\/ca\/benvinguts-a-la-primavera-amb-autocares-serrano\/#primaryimage"},"image":{"@id":"https:\/\/autocaresserrano.es\/ca\/benvinguts-a-la-primavera-amb-autocares-serrano\/#primaryimage"},"thumbnailUrl":"https:\/\/autocaresserrano.es\/wp-content\/uploads\/2024\/03\/colorido-paisaje-retro-vaporwave-scaled.jpg","datePublished":"2024-03-20T12:44:59+00:00","dateModified":"2024-03-20T13:18:34+00:00","breadcrumb":{"@id":"https:\/\/autocaresserrano.es\/ca\/benvinguts-a-la-primavera-amb-autocares-serrano\/#breadcrumb"},"inLanguage":"ca","potentialAction":[{"@type":"ReadAction","target":["https:\/\/autocaresserrano.es\/ca\/benvinguts-a-la-primavera-amb-autocares-serrano\/"]}]},{"@type":"ImageObject","inLanguage":"ca","@id":"https:\/\/autocaresserrano.es\/ca\/benvinguts-a-la-primavera-amb-autocares-serrano\/#primaryimage","url":"https:\/\/autocaresserrano.es\/wp-content\/uploads\/2024\/03\/colorido-paisaje-retro-vaporwave-scaled.jpg","contentUrl":"https:\/\/autocaresserrano.es\/wp-content\/uploads\/2024\/03\/colorido-paisaje-retro-vaporwave-scaled.jpg","width":2560,"height":1707},{"@type":"BreadcrumbList","@id":"https:\/\/autocaresserrano.es\/ca\/benvinguts-a-la-primavera-amb-autocares-serrano\/#breadcrumb","itemListElement":[{"@type":"ListItem","position":1,"name":"Portada","item":"https:\/\/autocaresserrano.es\/ca\/inici\/"},{"@type":"ListItem","position":2,"name":"Benvinguts a la Primavera amb Autocares Serrano!"}]},{"@type":"WebSite","@id":"https:\/\/autocaresserrano.es\/ca\/#website","url":"https:\/\/autocaresserrano.es\/ca\/","name":"Autocares Serrano","description":"Otro sitio realizado con WordPress","publisher":{"@id":"https:\/\/autocaresserrano.es\/ca\/#organization"},"potentialAction":[{"@type":"SearchAction","target":{"@type":"EntryPoint","urlTemplate":"https:\/\/autocaresserrano.es\/ca\/?s={search_term_string}"},"query-input":{"@type":"PropertyValueSpecification","valueRequired":true,"valueName":"search_term_string"}}],"inLanguage":"ca"},{"@type":"Organization","@id":"https:\/\/autocaresserrano.es\/ca\/#organization","name":"Autocares Serrano","url":"https:\/\/autocaresserrano.es\/ca\/","logo":{"@type":"ImageObject","inLanguage":"ca","@id":"https:\/\/autocaresserrano.es\/ca\/#\/schema\/logo\/image\/","url":"http:\/\/autocares.iditalweb.com\/wp-content\/uploads\/2022\/08\/autocares-serrano-logo.png","contentUrl":"http:\/\/autocares.iditalweb.com\/wp-content\/uploads\/2022\/08\/autocares-serrano-logo.png","width":500,"height":345,"caption":"Autocares Serrano"},"image":{"@id":"https:\/\/autocaresserrano.es\/ca\/#\/schema\/logo\/image\/"}},{"@type":"Person","@id":"https:\/\/autocaresserrano.es\/ca\/#\/schema\/person\/d71ea0d58b06e215594111656638baa1","name":"Serrano_edit","image":{"@type":"ImageObject","inLanguage":"ca","@id":"https:\/\/autocaresserrano.es\/ca\/#\/schema\/person\/image\/","url":"https:\/\/secure.gravatar.com\/avatar\/8d511ff9c382c9424958bbcf6293eeb9ed9866c25684a98b6d366bd14ff14a93?s=96&d=mm&r=g","contentUrl":"https:\/\/secure.gravatar.com\/avatar\/8d511ff9c382c9424958bbcf6293eeb9ed9866c25684a98b6d366bd14ff14a93?s=96&d=mm&r=g","caption":"Serrano_edit"}}]}},"_links":{"self":[{"href":"https:\/\/autocaresserrano.es\/ca\/wp-json\/wp\/v2\/posts\/2785","targetHints":{"allow":["GET"]}}],"collection":[{"href":"https:\/\/autocaresserrano.es\/ca\/wp-json\/wp\/v2\/posts"}],"about":[{"href":"https:\/\/autocaresserrano.es\/ca\/wp-json\/wp\/v2\/types\/post"}],"author":[{"embeddable":true,"href":"https:\/\/autocaresserrano.es\/ca\/wp-json\/wp\/v2\/users\/3"}],"replies":[{"embeddable":true,"href":"https:\/\/autocaresserrano.es\/ca\/wp-json\/wp\/v2\/comments?post=2785"}],"version-history":[{"count":5,"href":"https:\/\/autocaresserrano.es\/ca\/wp-json\/wp\/v2\/posts\/2785\/revisions"}],"predecessor-version":[{"id":2790,"href":"https:\/\/autocaresserrano.es\/ca\/wp-json\/wp\/v2\/posts\/2785\/revisions\/2790"}],"wp:featuredmedia":[{"embeddable":true,"href":"https:\/\/autocaresserrano.es\/ca\/wp-json\/wp\/v2\/media\/2797"}],"wp:attachment":[{"href":"https:\/\/autocaresserrano.es\/ca\/wp-json\/wp\/v2\/media?parent=2785"}],"wp:term":[{"taxonomy":"category","embeddable":true,"href":"https:\/\/autocaresserrano.es\/ca\/wp-json\/wp\/v2\/categories?post=2785"},{"taxonomy":"post_tag","embeddable":true,"href":"https:\/\/autocaresserrano.es\/ca\/wp-json\/wp\/v2\/tags?post=2785"}],"curies":[{"name":"wp","href":"https:\/\/api.w.org\/{rel}","templated":true}]}}