{"id":2967,"date":"2024-06-07T15:38:37","date_gmt":"2024-06-07T14:38:37","guid":{"rendered":"https:\/\/autocaresserrano.es\/viu-lemocio-del-motogp-a-montmelo\/"},"modified":"2024-06-07T15:48:35","modified_gmt":"2024-06-07T14:48:35","slug":"viu-lemocio-del-motogp-a-montmelo","status":"publish","type":"post","link":"https:\/\/autocaresserrano.es\/ca\/viu-lemocio-del-motogp-a-montmelo\/","title":{"rendered":"Viu l&#8217;Emoci\u00f3 del MotoGP a Montmel\u00f3"},"content":{"rendered":"\n<p>Juny \u00e9s un mes especial per als amants del motociclisme a Espanya, ja que el Circuit de Barcelona-Catalunya a Montmel\u00f3 acull una de les proves m\u00e9s esperades del calendari de MotoGP Del 14 al 16 de juny, pilots d&#8217;elit de tot el m\u00f3n competiran en aquesta prestigiosa carrera, oferint un espectacle ple d&#8217;adrenalina i velocitat<\/p>\n\n<p>En 2013, el Gran Premi de Catalunya va atreure a m\u00e9s de 90.000 aficionats el dia de la carrera. Durant tot el cap de setmana, l&#8217;esdeveniment va comptar amb una assist\u00e8ncia acumulada d&#8217;al voltant de 150.000 persones i s&#8217;espera superar aquesta xifra aquest any 2024.<\/p>\n\n<p>Per als qui desitgen viure aquesta experi\u00e8ncia \u00fanica sense preocupar-se pel transport, <strong>Autocars Serrano<\/strong> t\u00e9 la soluci\u00f3 perfecta El nostre servei de <strong> lloguer d&#8217;autocar a Barcelona<\/strong> est\u00e0 dissenyat per a brindar-te comoditat i seguretat, permetent-te gaudir de l&#8217;esdeveniment al m\u00e0xim.<\/p>\n\n<p><strong>Per qu\u00e8 triar Autocares Serrano?<\/strong><\/p>\n\n<ol class=\"wp-block-list\" start=\"1\">\n<li><strong>Comoditat i Confort: <\/strong> Els nostres autocars estan equipats amb seients c\u00f2modes, aire condicionat, nevera i el m\u00e0xim confort.<\/li>\n\n\n\n<li><strong> Seguretat Primer:<\/strong> La seguretat dels nostres passatgers \u00e9s una prioritat. Comptem amb conductors experimentats i vehicles que passen rigoroses inspeccions.<\/li>\n\n\n\n<li><strong> Efici\u00e8ncia i Puntualitat: <\/strong> Ens assegurem que arribis a temps per a no perdre&#8217;t ni un sol moment de l&#8217;acci\u00f3 en la pista Planifiquem les nostres rutes per a evitar retards i oferir un servei eficient.<\/li>\n\n\n\n<li><strong> Viatge en Grup:<\/strong> Si vens amb un grup d&#8217;amics o familiars, els nostres autocars s\u00f3n l&#8217;opci\u00f3 ideal per a viatjar junts i compartir l&#8217;emoci\u00f3 del MotoGP.<\/li>\n<\/ol>\n\n<p>El Gran Premi de Catalunya \u00e9s m\u00e9s que una carrera; \u00e9s una festa per a tots els aficionats al motociclisme. Des de les sessions de pr\u00e0ctica fins a la carrera principal, cada moment est\u00e0 ple d&#8217;emoci\u00f3. No et perdis l&#8217;oportunitat de veure als teus pilots favorits en acci\u00f3 i sentir la vibraci\u00f3 del motor i la velocitat en viu.<\/p>\n\n<p>Ens veiem en la pista!<\/p>\n\n<p><strong>Autocars Serrano, la teva millor opci\u00f3 de transport per a esdeveniments a Barcelona i els seus voltants.<\/strong>.<\/p>\n","protected":false},"excerpt":{"rendered":"<p>Juny \u00e9s un mes especial per als amants del motociclisme a Espanya, ja que el Circuit de Barcelona-Catalunya a Montmel\u00f3 acull una de les proves m\u00e9s esperades del calendari de MotoGP Del 14 al 16 de juny, pilots d&#8217;elit de tot el m\u00f3n competiran en aquesta prestigiosa carrera, oferint un espectacle ple d&#8217;adrenalina i velocitat [&hellip;]<\/p>\n","protected":false},"author":3,"featured_media":2964,"comment_status":"open","ping_status":"open","sticky":false,"template":"","format":"standard","meta":{"footnotes":""},"categories":[9],"tags":[],"class_list":["post-2967","post","type-post","status-publish","format-standard","has-post-thumbnail","hentry","category-uncategorized-ca"],"yoast_head":"<!-- This site is optimized with the Yoast SEO plugin v25.2 - https:\/\/yoast.com\/wordpress\/plugins\/seo\/ -->\n<title>Viu l&#039;Emoci\u00f3 del MotoGP a Montmel\u00f3 | Autocares Serrano<\/title>\n<meta name=\"description\" content=\"#motoGp #autocaresserrano #autocares #alquilerdeautocares #autocaresBarcelona\" \/>\n<meta name=\"robots\" content=\"index, follow, max-snippet:-1, max-image-preview:large, max-video-preview:-1\" \/>\n<link rel=\"canonical\" href=\"https:\/\/autocaresserrano.es\/ca\/viu-lemocio-del-motogp-a-montmelo\/\" \/>\n<meta property=\"og:locale\" content=\"ca_ES\" \/>\n<meta property=\"og:type\" content=\"article\" \/>\n<meta property=\"og:title\" content=\"Viu l&#039;Emoci\u00f3 del MotoGP a Montmel\u00f3 | Autocares Serrano\" \/>\n<meta property=\"og:description\" content=\"#motoGp #autocaresserrano #autocares #alquilerdeautocares #autocaresBarcelona\" \/>\n<meta property=\"og:url\" content=\"https:\/\/autocaresserrano.es\/ca\/viu-lemocio-del-motogp-a-montmelo\/\" \/>\n<meta property=\"og:site_name\" content=\"Autocares Serrano\" \/>\n<meta property=\"article:published_time\" content=\"2024-06-07T14:38:37+00:00\" \/>\n<meta property=\"article:modified_time\" content=\"2024-06-07T14:48:35+00:00\" \/>\n<meta property=\"og:image\" content=\"https:\/\/autocaresserrano.es\/wp-content\/uploads\/2024\/06\/1366_521.jpg\" \/>\n\t<meta property=\"og:image:width\" content=\"1366\" \/>\n\t<meta property=\"og:image:height\" content=\"521\" \/>\n\t<meta property=\"og:image:type\" content=\"image\/jpeg\" \/>\n<meta name=\"author\" content=\"Serrano_edit\" \/>\n<meta name=\"twitter:card\" content=\"summary_large_image\" \/>\n<meta name=\"twitter:label1\" content=\"Escrit per\" \/>\n\t<meta name=\"twitter:data1\" content=\"Serrano_edit\" \/>\n\t<meta name=\"twitter:label2\" content=\"Temps estimat de lectura\" \/>\n\t<meta name=\"twitter:data2\" content=\"2 minuts\" \/>\n<script type=\"application\/ld+json\" class=\"yoast-schema-graph\">{\"@context\":\"https:\/\/schema.org\",\"@graph\":[{\"@type\":\"Article\",\"@id\":\"https:\/\/autocaresserrano.es\/ca\/viu-lemocio-del-motogp-a-montmelo\/#article\",\"isPartOf\":{\"@id\":\"https:\/\/autocaresserrano.es\/ca\/viu-lemocio-del-motogp-a-montmelo\/\"},\"author\":{\"name\":\"Serrano_edit\",\"@id\":\"https:\/\/autocaresserrano.es\/ca\/#\/schema\/person\/d71ea0d58b06e215594111656638baa1\"},\"headline\":\"Viu l&#8217;Emoci\u00f3 del MotoGP a Montmel\u00f3\",\"datePublished\":\"2024-06-07T14:38:37+00:00\",\"dateModified\":\"2024-06-07T14:48:35+00:00\",\"mainEntityOfPage\":{\"@id\":\"https:\/\/autocaresserrano.es\/ca\/viu-lemocio-del-motogp-a-montmelo\/\"},\"wordCount\":352,\"commentCount\":0,\"publisher\":{\"@id\":\"https:\/\/autocaresserrano.es\/ca\/#organization\"},\"image\":{\"@id\":\"https:\/\/autocaresserrano.es\/ca\/viu-lemocio-del-motogp-a-montmelo\/#primaryimage\"},\"thumbnailUrl\":\"https:\/\/autocaresserrano.es\/wp-content\/uploads\/2024\/06\/1366_521.jpg\",\"articleSection\":[\"Uncategorized @ca\"],\"inLanguage\":\"ca\",\"potentialAction\":[{\"@type\":\"CommentAction\",\"name\":\"Comment\",\"target\":[\"https:\/\/autocaresserrano.es\/ca\/viu-lemocio-del-motogp-a-montmelo\/#respond\"]}]},{\"@type\":\"WebPage\",\"@id\":\"https:\/\/autocaresserrano.es\/ca\/viu-lemocio-del-motogp-a-montmelo\/\",\"url\":\"https:\/\/autocaresserrano.es\/ca\/viu-lemocio-del-motogp-a-montmelo\/\",\"name\":\"Viu l'Emoci\u00f3 del MotoGP a Montmel\u00f3 | Autocares Serrano\",\"isPartOf\":{\"@id\":\"https:\/\/autocaresserrano.es\/ca\/#website\"},\"primaryImageOfPage\":{\"@id\":\"https:\/\/autocaresserrano.es\/ca\/viu-lemocio-del-motogp-a-montmelo\/#primaryimage\"},\"image\":{\"@id\":\"https:\/\/autocaresserrano.es\/ca\/viu-lemocio-del-motogp-a-montmelo\/#primaryimage\"},\"thumbnailUrl\":\"https:\/\/autocaresserrano.es\/wp-content\/uploads\/2024\/06\/1366_521.jpg\",\"datePublished\":\"2024-06-07T14:38:37+00:00\",\"dateModified\":\"2024-06-07T14:48:35+00:00\",\"description\":\"#motoGp #autocaresserrano #autocares #alquilerdeautocares #autocaresBarcelona\",\"breadcrumb\":{\"@id\":\"https:\/\/autocaresserrano.es\/ca\/viu-lemocio-del-motogp-a-montmelo\/#breadcrumb\"},\"inLanguage\":\"ca\",\"potentialAction\":[{\"@type\":\"ReadAction\",\"target\":[\"https:\/\/autocaresserrano.es\/ca\/viu-lemocio-del-motogp-a-montmelo\/\"]}]},{\"@type\":\"ImageObject\",\"inLanguage\":\"ca\",\"@id\":\"https:\/\/autocaresserrano.es\/ca\/viu-lemocio-del-motogp-a-montmelo\/#primaryimage\",\"url\":\"https:\/\/autocaresserrano.es\/wp-content\/uploads\/2024\/06\/1366_521.jpg\",\"contentUrl\":\"https:\/\/autocaresserrano.es\/wp-content\/uploads\/2024\/06\/1366_521.jpg\",\"width\":1366,\"height\":521},{\"@type\":\"BreadcrumbList\",\"@id\":\"https:\/\/autocaresserrano.es\/ca\/viu-lemocio-del-motogp-a-montmelo\/#breadcrumb\",\"itemListElement\":[{\"@type\":\"ListItem\",\"position\":1,\"name\":\"Portada\",\"item\":\"https:\/\/autocaresserrano.es\/ca\/inici\/\"},{\"@type\":\"ListItem\",\"position\":2,\"name\":\"Viu l&#8217;Emoci\u00f3 del MotoGP a Montmel\u00f3\"}]},{\"@type\":\"WebSite\",\"@id\":\"https:\/\/autocaresserrano.es\/ca\/#website\",\"url\":\"https:\/\/autocaresserrano.es\/ca\/\",\"name\":\"Autocares Serrano\",\"description\":\"Otro sitio realizado con WordPress\",\"publisher\":{\"@id\":\"https:\/\/autocaresserrano.es\/ca\/#organization\"},\"potentialAction\":[{\"@type\":\"SearchAction\",\"target\":{\"@type\":\"EntryPoint\",\"urlTemplate\":\"https:\/\/autocaresserrano.es\/ca\/?s={search_term_string}\"},\"query-input\":{\"@type\":\"PropertyValueSpecification\",\"valueRequired\":true,\"valueName\":\"search_term_string\"}}],\"inLanguage\":\"ca\"},{\"@type\":\"Organization\",\"@id\":\"https:\/\/autocaresserrano.es\/ca\/#organization\",\"name\":\"Autocares Serrano\",\"url\":\"https:\/\/autocaresserrano.es\/ca\/\",\"logo\":{\"@type\":\"ImageObject\",\"inLanguage\":\"ca\",\"@id\":\"https:\/\/autocaresserrano.es\/ca\/#\/schema\/logo\/image\/\",\"url\":\"http:\/\/autocares.iditalweb.com\/wp-content\/uploads\/2022\/08\/autocares-serrano-logo.png\",\"contentUrl\":\"http:\/\/autocares.iditalweb.com\/wp-content\/uploads\/2022\/08\/autocares-serrano-logo.png\",\"width\":500,\"height\":345,\"caption\":\"Autocares Serrano\"},\"image\":{\"@id\":\"https:\/\/autocaresserrano.es\/ca\/#\/schema\/logo\/image\/\"}},{\"@type\":\"Person\",\"@id\":\"https:\/\/autocaresserrano.es\/ca\/#\/schema\/person\/d71ea0d58b06e215594111656638baa1\",\"name\":\"Serrano_edit\",\"image\":{\"@type\":\"ImageObject\",\"inLanguage\":\"ca\",\"@id\":\"https:\/\/autocaresserrano.es\/ca\/#\/schema\/person\/image\/\",\"url\":\"https:\/\/secure.gravatar.com\/avatar\/8d511ff9c382c9424958bbcf6293eeb9ed9866c25684a98b6d366bd14ff14a93?s=96&d=mm&r=g\",\"contentUrl\":\"https:\/\/secure.gravatar.com\/avatar\/8d511ff9c382c9424958bbcf6293eeb9ed9866c25684a98b6d366bd14ff14a93?s=96&d=mm&r=g\",\"caption\":\"Serrano_edit\"}}]}<\/script>\n<!-- \/ Yoast SEO plugin. -->","yoast_head_json":{"title":"Viu l'Emoci\u00f3 del MotoGP a Montmel\u00f3 | Autocares Serrano","description":"#motoGp #autocaresserrano #autocares #alquilerdeautocares #autocaresBarcelona","robots":{"index":"index","follow":"follow","max-snippet":"max-snippet:-1","max-image-preview":"max-image-preview:large","max-video-preview":"max-video-preview:-1"},"canonical":"https:\/\/autocaresserrano.es\/ca\/viu-lemocio-del-motogp-a-montmelo\/","og_locale":"ca_ES","og_type":"article","og_title":"Viu l'Emoci\u00f3 del MotoGP a Montmel\u00f3 | Autocares Serrano","og_description":"#motoGp #autocaresserrano #autocares #alquilerdeautocares #autocaresBarcelona","og_url":"https:\/\/autocaresserrano.es\/ca\/viu-lemocio-del-motogp-a-montmelo\/","og_site_name":"Autocares Serrano","article_published_time":"2024-06-07T14:38:37+00:00","article_modified_time":"2024-06-07T14:48:35+00:00","og_image":[{"width":1366,"height":521,"url":"https:\/\/autocaresserrano.es\/wp-content\/uploads\/2024\/06\/1366_521.jpg","type":"image\/jpeg"}],"author":"Serrano_edit","twitter_card":"summary_large_image","twitter_misc":{"Escrit per":"Serrano_edit","Temps estimat de lectura":"2 minuts"},"schema":{"@context":"https:\/\/schema.org","@graph":[{"@type":"Article","@id":"https:\/\/autocaresserrano.es\/ca\/viu-lemocio-del-motogp-a-montmelo\/#article","isPartOf":{"@id":"https:\/\/autocaresserrano.es\/ca\/viu-lemocio-del-motogp-a-montmelo\/"},"author":{"name":"Serrano_edit","@id":"https:\/\/autocaresserrano.es\/ca\/#\/schema\/person\/d71ea0d58b06e215594111656638baa1"},"headline":"Viu l&#8217;Emoci\u00f3 del MotoGP a Montmel\u00f3","datePublished":"2024-06-07T14:38:37+00:00","dateModified":"2024-06-07T14:48:35+00:00","mainEntityOfPage":{"@id":"https:\/\/autocaresserrano.es\/ca\/viu-lemocio-del-motogp-a-montmelo\/"},"wordCount":352,"commentCount":0,"publisher":{"@id":"https:\/\/autocaresserrano.es\/ca\/#organization"},"image":{"@id":"https:\/\/autocaresserrano.es\/ca\/viu-lemocio-del-motogp-a-montmelo\/#primaryimage"},"thumbnailUrl":"https:\/\/autocaresserrano.es\/wp-content\/uploads\/2024\/06\/1366_521.jpg","articleSection":["Uncategorized @ca"],"inLanguage":"ca","potentialAction":[{"@type":"CommentAction","name":"Comment","target":["https:\/\/autocaresserrano.es\/ca\/viu-lemocio-del-motogp-a-montmelo\/#respond"]}]},{"@type":"WebPage","@id":"https:\/\/autocaresserrano.es\/ca\/viu-lemocio-del-motogp-a-montmelo\/","url":"https:\/\/autocaresserrano.es\/ca\/viu-lemocio-del-motogp-a-montmelo\/","name":"Viu l'Emoci\u00f3 del MotoGP a Montmel\u00f3 | Autocares Serrano","isPartOf":{"@id":"https:\/\/autocaresserrano.es\/ca\/#website"},"primaryImageOfPage":{"@id":"https:\/\/autocaresserrano.es\/ca\/viu-lemocio-del-motogp-a-montmelo\/#primaryimage"},"image":{"@id":"https:\/\/autocaresserrano.es\/ca\/viu-lemocio-del-motogp-a-montmelo\/#primaryimage"},"thumbnailUrl":"https:\/\/autocaresserrano.es\/wp-content\/uploads\/2024\/06\/1366_521.jpg","datePublished":"2024-06-07T14:38:37+00:00","dateModified":"2024-06-07T14:48:35+00:00","description":"#motoGp #autocaresserrano #autocares #alquilerdeautocares #autocaresBarcelona","breadcrumb":{"@id":"https:\/\/autocaresserrano.es\/ca\/viu-lemocio-del-motogp-a-montmelo\/#breadcrumb"},"inLanguage":"ca","potentialAction":[{"@type":"ReadAction","target":["https:\/\/autocaresserrano.es\/ca\/viu-lemocio-del-motogp-a-montmelo\/"]}]},{"@type":"ImageObject","inLanguage":"ca","@id":"https:\/\/autocaresserrano.es\/ca\/viu-lemocio-del-motogp-a-montmelo\/#primaryimage","url":"https:\/\/autocaresserrano.es\/wp-content\/uploads\/2024\/06\/1366_521.jpg","contentUrl":"https:\/\/autocaresserrano.es\/wp-content\/uploads\/2024\/06\/1366_521.jpg","width":1366,"height":521},{"@type":"BreadcrumbList","@id":"https:\/\/autocaresserrano.es\/ca\/viu-lemocio-del-motogp-a-montmelo\/#breadcrumb","itemListElement":[{"@type":"ListItem","position":1,"name":"Portada","item":"https:\/\/autocaresserrano.es\/ca\/inici\/"},{"@type":"ListItem","position":2,"name":"Viu l&#8217;Emoci\u00f3 del MotoGP a Montmel\u00f3"}]},{"@type":"WebSite","@id":"https:\/\/autocaresserrano.es\/ca\/#website","url":"https:\/\/autocaresserrano.es\/ca\/","name":"Autocares Serrano","description":"Otro sitio realizado con WordPress","publisher":{"@id":"https:\/\/autocaresserrano.es\/ca\/#organization"},"potentialAction":[{"@type":"SearchAction","target":{"@type":"EntryPoint","urlTemplate":"https:\/\/autocaresserrano.es\/ca\/?s={search_term_string}"},"query-input":{"@type":"PropertyValueSpecification","valueRequired":true,"valueName":"search_term_string"}}],"inLanguage":"ca"},{"@type":"Organization","@id":"https:\/\/autocaresserrano.es\/ca\/#organization","name":"Autocares Serrano","url":"https:\/\/autocaresserrano.es\/ca\/","logo":{"@type":"ImageObject","inLanguage":"ca","@id":"https:\/\/autocaresserrano.es\/ca\/#\/schema\/logo\/image\/","url":"http:\/\/autocares.iditalweb.com\/wp-content\/uploads\/2022\/08\/autocares-serrano-logo.png","contentUrl":"http:\/\/autocares.iditalweb.com\/wp-content\/uploads\/2022\/08\/autocares-serrano-logo.png","width":500,"height":345,"caption":"Autocares Serrano"},"image":{"@id":"https:\/\/autocaresserrano.es\/ca\/#\/schema\/logo\/image\/"}},{"@type":"Person","@id":"https:\/\/autocaresserrano.es\/ca\/#\/schema\/person\/d71ea0d58b06e215594111656638baa1","name":"Serrano_edit","image":{"@type":"ImageObject","inLanguage":"ca","@id":"https:\/\/autocaresserrano.es\/ca\/#\/schema\/person\/image\/","url":"https:\/\/secure.gravatar.com\/avatar\/8d511ff9c382c9424958bbcf6293eeb9ed9866c25684a98b6d366bd14ff14a93?s=96&d=mm&r=g","contentUrl":"https:\/\/secure.gravatar.com\/avatar\/8d511ff9c382c9424958bbcf6293eeb9ed9866c25684a98b6d366bd14ff14a93?s=96&d=mm&r=g","caption":"Serrano_edit"}}]}},"_links":{"self":[{"href":"https:\/\/autocaresserrano.es\/ca\/wp-json\/wp\/v2\/posts\/2967","targetHints":{"allow":["GET"]}}],"collection":[{"href":"https:\/\/autocaresserrano.es\/ca\/wp-json\/wp\/v2\/posts"}],"about":[{"href":"https:\/\/autocaresserrano.es\/ca\/wp-json\/wp\/v2\/types\/post"}],"author":[{"embeddable":true,"href":"https:\/\/autocaresserrano.es\/ca\/wp-json\/wp\/v2\/users\/3"}],"replies":[{"embeddable":true,"href":"https:\/\/autocaresserrano.es\/ca\/wp-json\/wp\/v2\/comments?post=2967"}],"version-history":[{"count":1,"href":"https:\/\/autocaresserrano.es\/ca\/wp-json\/wp\/v2\/posts\/2967\/revisions"}],"predecessor-version":[{"id":2968,"href":"https:\/\/autocaresserrano.es\/ca\/wp-json\/wp\/v2\/posts\/2967\/revisions\/2968"}],"wp:featuredmedia":[{"embeddable":true,"href":"https:\/\/autocaresserrano.es\/ca\/wp-json\/wp\/v2\/media\/2964"}],"wp:attachment":[{"href":"https:\/\/autocaresserrano.es\/ca\/wp-json\/wp\/v2\/media?parent=2967"}],"wp:term":[{"taxonomy":"category","embeddable":true,"href":"https:\/\/autocaresserrano.es\/ca\/wp-json\/wp\/v2\/categories?post=2967"},{"taxonomy":"post_tag","embeddable":true,"href":"https:\/\/autocaresserrano.es\/ca\/wp-json\/wp\/v2\/tags?post=2967"}],"curies":[{"name":"wp","href":"https:\/\/api.w.org\/{rel}","templated":true}]}}