{"id":2986,"date":"2024-07-09T12:03:31","date_gmt":"2024-07-09T11:03:31","guid":{"rendered":"https:\/\/autocaresserrano.es\/descobreix-les-millors-rutes-destiu-en-autocar-per-catalunya\/"},"modified":"2024-07-12T11:44:03","modified_gmt":"2024-07-12T10:44:03","slug":"descobreix-les-millors-rutes-destiu-en-autocar-per-catalunya","status":"publish","type":"post","link":"https:\/\/autocaresserrano.es\/ca\/descobreix-les-millors-rutes-destiu-en-autocar-per-catalunya\/","title":{"rendered":"Descobreix les Millors Rutes d&#8217;Estiu en Autocar per Catalunya"},"content":{"rendered":"\n<p>L&#8217;estiu \u00e9s la temporada perfecta per a explorar les meravelles de Catalunya, i no hi ha millor manera de fer-ho que en autocar. Viatjar en autocar et permet gaudir del paisatge, relaxar-te i arribar c\u00f2modament a les destinacions m\u00e9s belles de la regi\u00f3. Aqu\u00ed et presentem algunes de les millors rutes d&#8217;estiu que pots gaudir amb els autocars d&#8217;Autocars Serrano, oferint una mescla de platges, muntanyes i pobles pintorescos.<\/p>\n\n<p><strong>RUTA 1 : Costa Brava<\/strong><\/p>\n\n<p>La Costa Brava \u00e9s un dels destins m\u00e9s impressionants de Catalunya, amb les seves platges d&#8217;aig\u00fces cristal\u00b7lines, cales amagades i pintorescos pobles pesquers. Aquesta ruta des de Barcelona et portar\u00e0 a alguns dels millors llocs de la Costa Brava.<\/p>\n\n<p><strong>Destins destacats:<\/strong><\/p>\n\n<ul class=\"wp-block-list\">\n<li><strong>Tossa de Mar:<\/strong> Amb el seu impressionant barri antic i el seu castell medieval, Tossa de Mar \u00e9s un lloc perfecte per a passejar i gaudir de la platja.<\/li>\n\n\n\n<li><strong>Lloret de Mar:<\/strong> Coneguda per les seves animades platges i la seva vibrant vida nocturna, Lloret de Mar tamb\u00e9 ofereix jardins bot\u00e0nics i rutes de senderisme costaner.<\/li>\n\n\n\n<li><strong>Cadaqu\u00e9s:<\/strong> Aquest pintoresc poble, fam\u00f3s per ser la llar de Salvador Dal\u00ed, ofereix belles vesteixes la mar i un ambient art\u00edstic \u00fanic.<\/li>\n<\/ul>\n\n<p><strong>Activitats recomanades:<\/strong><\/p>\n\n<ul class=\"wp-block-list\">\n<li>Snorkel i busseig en les cales.<\/li>\n\n\n\n<li>Rutes de senderisme costaner.<\/li>\n\n\n\n<li>Visites als mercats locals i degustacions de mariscos.<\/li>\n<\/ul>\n\n<p><strong>RUTA 2: Pirineos <\/strong><\/p>\n\n<p>Per a aquells que prefereixen la muntanya, els Pirineus Catalans ofereixen una impressionant varietat de paisatges naturals, perfectes per a activitats a l&#8217;aire lliure.<\/p>\n\n<p><strong>Destins destacats:<\/strong><\/p>\n\n<ul class=\"wp-block-list\">\n<li><strong>Vall de N\u00faria:<\/strong> Accessible solo per tren cremallera o telef\u00e8ric, aquesta vall ofereix paisatges d&#8217;alta muntanya i activitats com a senderisme i passejos a cavall.<\/li>\n\n\n\n<li><strong>La Molina:<\/strong> Coneguda per les seves pistes d&#8217;esqu\u00ed a l&#8217;hivern, La Molina tamb\u00e9 ofereix rutes de senderisme i ciclisme a l&#8217;estiu.<\/li>\n\n\n\n<li><strong>Puigcerd\u00e0:<\/strong> Aquest encantador poble de muntanya \u00e9s perfecte per a passejar i gaudir del seu llac i les seves vistes panor\u00e0miques.<\/li>\n<\/ul>\n\n<p><strong>Activitats recomanades:<\/strong><\/p>\n\n<ul class=\"wp-block-list\">\n<li>Senderisme per les rutes de muntanya.<\/li>\n\n\n\n<li>Passejos en telef\u00e8ric i activitats d&#8217;aventura.<\/li>\n\n\n\n<li>Gaudir de la gastronomia local en els refugis de muntanya.<\/li>\n<\/ul>\n\n<p><strong>RUTA 3: Pobles Medievals per Girona<\/strong><\/p>\n\n<p>Catalunya est\u00e0 plena de pobles medievals que semblen trets d&#8217;un conte de fades. Aquesta ruta et portar\u00e0 a trav\u00e9s d&#8217;alguns dels m\u00e9s encantadors.<\/p>\n\n<p><strong>Destins destacats:<\/strong><\/p>\n\n<ul class=\"wp-block-list\">\n<li><strong>Besal\u00fa:<\/strong> Amb el seu fam\u00f3s pont medieval i el seu ben conservat barri antic, Besal\u00fa \u00e9s una joia arquitect\u00f2nica.<\/li>\n\n\n\n<li><strong>Pals:<\/strong> Situat en un pujol, Pals ofereix vistes panor\u00e0miques i carrers empedrats plens d&#8217;hist\u00f2ria.<\/li>\n\n\n\n<li><strong>Peratallada:<\/strong> Aquest petit poble \u00e9s conegut per les seves cases de pedra i el seu ambient medieval.<\/li>\n<\/ul>\n\n<p><strong>Activitats recomanades:<\/strong><\/p>\n\n<ul class=\"wp-block-list\">\n<li>Visites a castells i museus.<\/li>\n\n\n\n<li>Degustacions de la gastronomia local en restaurants tradicionals.<\/li>\n\n\n\n<li>Passejos pels carrers empedrats i compres d&#8217;artesanies.<\/li>\n<\/ul>\n\n<p><strong>RUTA 4: Vins i Vinyes del Pened\u00e8s<\/strong><\/p>\n\n<p>Per als amants del vi, la regi\u00f3 del Pened\u00e8s \u00e9s una visita obligada. Coneguda pels seus vins i caves, aquesta ruta et portar\u00e0 a trav\u00e9s d&#8217;alguns de les millors vinyes de Catalunya.<\/p>\n\n<p><strong>Destins destacats:<\/strong><\/p>\n\n<ul class=\"wp-block-list\">\n<li><strong>Sant Sadurn\u00ed d&#8217;Anoia:<\/strong> El cor de la producci\u00f3 de cava, amb nombrosos cellers que ofereixen visites i tastos.<\/li>\n\n\n\n<li><strong> Vilafranca del Pened\u00e8s:<\/strong> Llar d&#8217;algunes dels cellers m\u00e9s prestigiosos de la regi\u00f3, ideal per a aprendre sobre el proc\u00e9s d&#8217;elaboraci\u00f3 del vi.<\/li>\n<\/ul>\n\n<p><strong>Activitats recomanades:<\/strong><\/p>\n\n<ul class=\"wp-block-list\">\n<li>Visites a cellers i tastos de vi.<\/li>\n\n\n\n<li>Recorreguts per vinyes.<\/li>\n\n\n\n<li>Participaci\u00f3 en festivals de vi locals<\/li>\n<\/ul>\n\n<h3 class=\"wp-block-heading\"><strong><u>Consells per a Viatjar en Autocar durant l&#8217;Estiu<\/u><\/strong><\/h3>\n\n<p>Per a assegurar que el teu viatge en autocar sigui el m\u00e9s plaent possible, aqu\u00ed tens alguns consells \u00fatils:<\/p>\n\n<ol class=\"wp-block-list\" start=\"1\">\n<li><strong>Hidratat:<\/strong> Porta una ampolla d&#8217;aigua per a mantenir-te hidratat durant el viatge, especialment en rutes llargues. Tamb\u00e9 els nostres autocars disposen de neveres amb aig\u00fces.<\/li>\n\n\n\n<li><strong> Roba Lleugera: <\/strong> Vesteix roba lleugera i c\u00f2moda que et permeti moure&#8217;t i relaxar-te durant el trajecte.<\/li>\n\n\n\n<li><strong> Protecci\u00f3 Solar: <\/strong> Porta protector solar i ulleres de sol per a protegir-te dels raigs UV durant les parades i visites a l&#8217;aire lliure.<\/li>\n\n\n\n<li><strong> Entreteniment Personal: <\/strong> Portar un llibre, tauleta o m\u00fasica pot ser una bona idea.<\/li>\n\n\n\n<li><strong>Respectar als altres: <\/strong> Mantingues el volum baix en els teus dispositius electr\u00f2nics i respecta l&#8217;espai personal dels altres passatgers<\/li>\n<\/ol>\n\n<p><strong>Contracte el tu autocar avui mateix i realitza alguna de les rutes proposades amb nosaltres!!<\/strong><\/p>\n\n<p>#ViajarEnAutocar #AlquilerDeAutocares #AutocaresEnBarcelona #RutasDeVerano #Comodidad #Sostenibilidad #Econom\u00eda #ConsejosDeViaje #RecomendacionesDeViaje<\/p>\n","protected":false},"excerpt":{"rendered":"<p>L&#8217;estiu \u00e9s la temporada perfecta per a explorar les meravelles de Catalunya, i no hi ha millor manera de fer-ho que en autocar. Viatjar en autocar et permet gaudir del paisatge, relaxar-te i arribar c\u00f2modament a les destinacions m\u00e9s belles de la regi\u00f3. Aqu\u00ed et presentem algunes de les millors rutes d&#8217;estiu que pots gaudir [&hellip;]<\/p>\n","protected":false},"author":3,"featured_media":2981,"comment_status":"open","ping_status":"open","sticky":false,"template":"","format":"standard","meta":{"footnotes":""},"categories":[95,9],"tags":[],"class_list":["post-2986","post","type-post","status-publish","format-standard","has-post-thumbnail","hentry","category-artificial-intelligence-ca","category-uncategorized-ca"],"yoast_head":"<!-- This site is optimized with the Yoast SEO plugin v25.2 - https:\/\/yoast.com\/wordpress\/plugins\/seo\/ -->\n<title>Descobreix les Millors Rutes d&#039;Estiu en Autocar per Catalunya | Autocares Serrano<\/title>\n<meta name=\"robots\" content=\"index, follow, max-snippet:-1, max-image-preview:large, max-video-preview:-1\" \/>\n<link rel=\"canonical\" href=\"https:\/\/autocaresserrano.es\/ca\/descobreix-les-millors-rutes-destiu-en-autocar-per-catalunya\/\" \/>\n<meta property=\"og:locale\" content=\"ca_ES\" \/>\n<meta property=\"og:type\" content=\"article\" \/>\n<meta property=\"og:title\" content=\"Descobreix les Millors Rutes d&#039;Estiu en Autocar per Catalunya | Autocares Serrano\" \/>\n<meta property=\"og:description\" content=\"L&#8217;estiu \u00e9s la temporada perfecta per a explorar les meravelles de Catalunya, i no hi ha millor manera de fer-ho que en autocar. Viatjar en autocar et permet gaudir del paisatge, relaxar-te i arribar c\u00f2modament a les destinacions m\u00e9s belles de la regi\u00f3. Aqu\u00ed et presentem algunes de les millors rutes d&#8217;estiu que pots gaudir [&hellip;]\" \/>\n<meta property=\"og:url\" content=\"https:\/\/autocaresserrano.es\/ca\/descobreix-les-millors-rutes-destiu-en-autocar-per-catalunya\/\" \/>\n<meta property=\"og:site_name\" content=\"Autocares Serrano\" \/>\n<meta property=\"article:published_time\" content=\"2024-07-09T11:03:31+00:00\" \/>\n<meta property=\"article:modified_time\" content=\"2024-07-12T10:44:03+00:00\" \/>\n<meta property=\"og:image\" content=\"https:\/\/autocaresserrano.es\/wp-content\/uploads\/2024\/07\/Autocares_Serrano_barcelona-32-scaled.jpg\" \/>\n\t<meta property=\"og:image:width\" content=\"2560\" \/>\n\t<meta property=\"og:image:height\" content=\"1708\" \/>\n\t<meta property=\"og:image:type\" content=\"image\/jpeg\" \/>\n<meta name=\"author\" content=\"Serrano_edit\" \/>\n<meta name=\"twitter:card\" content=\"summary_large_image\" \/>\n<meta name=\"twitter:label1\" content=\"Escrit per\" \/>\n\t<meta name=\"twitter:data1\" content=\"Serrano_edit\" \/>\n\t<meta name=\"twitter:label2\" content=\"Temps estimat de lectura\" \/>\n\t<meta name=\"twitter:data2\" content=\"4 minuts\" \/>\n<script type=\"application\/ld+json\" class=\"yoast-schema-graph\">{\"@context\":\"https:\/\/schema.org\",\"@graph\":[{\"@type\":\"Article\",\"@id\":\"https:\/\/autocaresserrano.es\/ca\/descobreix-les-millors-rutes-destiu-en-autocar-per-catalunya\/#article\",\"isPartOf\":{\"@id\":\"https:\/\/autocaresserrano.es\/ca\/descobreix-les-millors-rutes-destiu-en-autocar-per-catalunya\/\"},\"author\":{\"name\":\"Serrano_edit\",\"@id\":\"https:\/\/autocaresserrano.es\/ca\/#\/schema\/person\/d71ea0d58b06e215594111656638baa1\"},\"headline\":\"Descobreix les Millors Rutes d&#8217;Estiu en Autocar per Catalunya\",\"datePublished\":\"2024-07-09T11:03:31+00:00\",\"dateModified\":\"2024-07-12T10:44:03+00:00\",\"mainEntityOfPage\":{\"@id\":\"https:\/\/autocaresserrano.es\/ca\/descobreix-les-millors-rutes-destiu-en-autocar-per-catalunya\/\"},\"wordCount\":741,\"commentCount\":0,\"publisher\":{\"@id\":\"https:\/\/autocaresserrano.es\/ca\/#organization\"},\"image\":{\"@id\":\"https:\/\/autocaresserrano.es\/ca\/descobreix-les-millors-rutes-destiu-en-autocar-per-catalunya\/#primaryimage\"},\"thumbnailUrl\":\"https:\/\/autocaresserrano.es\/wp-content\/uploads\/2024\/07\/Autocares_Serrano_barcelona-32-scaled.jpg\",\"articleSection\":[\"Artificial intelligence\",\"Uncategorized @ca\"],\"inLanguage\":\"ca\",\"potentialAction\":[{\"@type\":\"CommentAction\",\"name\":\"Comment\",\"target\":[\"https:\/\/autocaresserrano.es\/ca\/descobreix-les-millors-rutes-destiu-en-autocar-per-catalunya\/#respond\"]}]},{\"@type\":\"WebPage\",\"@id\":\"https:\/\/autocaresserrano.es\/ca\/descobreix-les-millors-rutes-destiu-en-autocar-per-catalunya\/\",\"url\":\"https:\/\/autocaresserrano.es\/ca\/descobreix-les-millors-rutes-destiu-en-autocar-per-catalunya\/\",\"name\":\"Descobreix les Millors Rutes d'Estiu en Autocar per Catalunya | Autocares Serrano\",\"isPartOf\":{\"@id\":\"https:\/\/autocaresserrano.es\/ca\/#website\"},\"primaryImageOfPage\":{\"@id\":\"https:\/\/autocaresserrano.es\/ca\/descobreix-les-millors-rutes-destiu-en-autocar-per-catalunya\/#primaryimage\"},\"image\":{\"@id\":\"https:\/\/autocaresserrano.es\/ca\/descobreix-les-millors-rutes-destiu-en-autocar-per-catalunya\/#primaryimage\"},\"thumbnailUrl\":\"https:\/\/autocaresserrano.es\/wp-content\/uploads\/2024\/07\/Autocares_Serrano_barcelona-32-scaled.jpg\",\"datePublished\":\"2024-07-09T11:03:31+00:00\",\"dateModified\":\"2024-07-12T10:44:03+00:00\",\"breadcrumb\":{\"@id\":\"https:\/\/autocaresserrano.es\/ca\/descobreix-les-millors-rutes-destiu-en-autocar-per-catalunya\/#breadcrumb\"},\"inLanguage\":\"ca\",\"potentialAction\":[{\"@type\":\"ReadAction\",\"target\":[\"https:\/\/autocaresserrano.es\/ca\/descobreix-les-millors-rutes-destiu-en-autocar-per-catalunya\/\"]}]},{\"@type\":\"ImageObject\",\"inLanguage\":\"ca\",\"@id\":\"https:\/\/autocaresserrano.es\/ca\/descobreix-les-millors-rutes-destiu-en-autocar-per-catalunya\/#primaryimage\",\"url\":\"https:\/\/autocaresserrano.es\/wp-content\/uploads\/2024\/07\/Autocares_Serrano_barcelona-32-scaled.jpg\",\"contentUrl\":\"https:\/\/autocaresserrano.es\/wp-content\/uploads\/2024\/07\/Autocares_Serrano_barcelona-32-scaled.jpg\",\"width\":2560,\"height\":1708},{\"@type\":\"BreadcrumbList\",\"@id\":\"https:\/\/autocaresserrano.es\/ca\/descobreix-les-millors-rutes-destiu-en-autocar-per-catalunya\/#breadcrumb\",\"itemListElement\":[{\"@type\":\"ListItem\",\"position\":1,\"name\":\"Portada\",\"item\":\"https:\/\/autocaresserrano.es\/ca\/inici\/\"},{\"@type\":\"ListItem\",\"position\":2,\"name\":\"Descobreix les Millors Rutes d&#8217;Estiu en Autocar per Catalunya\"}]},{\"@type\":\"WebSite\",\"@id\":\"https:\/\/autocaresserrano.es\/ca\/#website\",\"url\":\"https:\/\/autocaresserrano.es\/ca\/\",\"name\":\"Autocares Serrano\",\"description\":\"Otro sitio realizado con WordPress\",\"publisher\":{\"@id\":\"https:\/\/autocaresserrano.es\/ca\/#organization\"},\"potentialAction\":[{\"@type\":\"SearchAction\",\"target\":{\"@type\":\"EntryPoint\",\"urlTemplate\":\"https:\/\/autocaresserrano.es\/ca\/?s={search_term_string}\"},\"query-input\":{\"@type\":\"PropertyValueSpecification\",\"valueRequired\":true,\"valueName\":\"search_term_string\"}}],\"inLanguage\":\"ca\"},{\"@type\":\"Organization\",\"@id\":\"https:\/\/autocaresserrano.es\/ca\/#organization\",\"name\":\"Autocares Serrano\",\"url\":\"https:\/\/autocaresserrano.es\/ca\/\",\"logo\":{\"@type\":\"ImageObject\",\"inLanguage\":\"ca\",\"@id\":\"https:\/\/autocaresserrano.es\/ca\/#\/schema\/logo\/image\/\",\"url\":\"http:\/\/autocares.iditalweb.com\/wp-content\/uploads\/2022\/08\/autocares-serrano-logo.png\",\"contentUrl\":\"http:\/\/autocares.iditalweb.com\/wp-content\/uploads\/2022\/08\/autocares-serrano-logo.png\",\"width\":500,\"height\":345,\"caption\":\"Autocares Serrano\"},\"image\":{\"@id\":\"https:\/\/autocaresserrano.es\/ca\/#\/schema\/logo\/image\/\"}},{\"@type\":\"Person\",\"@id\":\"https:\/\/autocaresserrano.es\/ca\/#\/schema\/person\/d71ea0d58b06e215594111656638baa1\",\"name\":\"Serrano_edit\",\"image\":{\"@type\":\"ImageObject\",\"inLanguage\":\"ca\",\"@id\":\"https:\/\/autocaresserrano.es\/ca\/#\/schema\/person\/image\/\",\"url\":\"https:\/\/secure.gravatar.com\/avatar\/8d511ff9c382c9424958bbcf6293eeb9ed9866c25684a98b6d366bd14ff14a93?s=96&d=mm&r=g\",\"contentUrl\":\"https:\/\/secure.gravatar.com\/avatar\/8d511ff9c382c9424958bbcf6293eeb9ed9866c25684a98b6d366bd14ff14a93?s=96&d=mm&r=g\",\"caption\":\"Serrano_edit\"}}]}<\/script>\n<!-- \/ Yoast SEO plugin. -->","yoast_head_json":{"title":"Descobreix les Millors Rutes d'Estiu en Autocar per Catalunya | Autocares Serrano","robots":{"index":"index","follow":"follow","max-snippet":"max-snippet:-1","max-image-preview":"max-image-preview:large","max-video-preview":"max-video-preview:-1"},"canonical":"https:\/\/autocaresserrano.es\/ca\/descobreix-les-millors-rutes-destiu-en-autocar-per-catalunya\/","og_locale":"ca_ES","og_type":"article","og_title":"Descobreix les Millors Rutes d'Estiu en Autocar per Catalunya | Autocares Serrano","og_description":"L&#8217;estiu \u00e9s la temporada perfecta per a explorar les meravelles de Catalunya, i no hi ha millor manera de fer-ho que en autocar. Viatjar en autocar et permet gaudir del paisatge, relaxar-te i arribar c\u00f2modament a les destinacions m\u00e9s belles de la regi\u00f3. Aqu\u00ed et presentem algunes de les millors rutes d&#8217;estiu que pots gaudir [&hellip;]","og_url":"https:\/\/autocaresserrano.es\/ca\/descobreix-les-millors-rutes-destiu-en-autocar-per-catalunya\/","og_site_name":"Autocares Serrano","article_published_time":"2024-07-09T11:03:31+00:00","article_modified_time":"2024-07-12T10:44:03+00:00","og_image":[{"width":2560,"height":1708,"url":"https:\/\/autocaresserrano.es\/wp-content\/uploads\/2024\/07\/Autocares_Serrano_barcelona-32-scaled.jpg","type":"image\/jpeg"}],"author":"Serrano_edit","twitter_card":"summary_large_image","twitter_misc":{"Escrit per":"Serrano_edit","Temps estimat de lectura":"4 minuts"},"schema":{"@context":"https:\/\/schema.org","@graph":[{"@type":"Article","@id":"https:\/\/autocaresserrano.es\/ca\/descobreix-les-millors-rutes-destiu-en-autocar-per-catalunya\/#article","isPartOf":{"@id":"https:\/\/autocaresserrano.es\/ca\/descobreix-les-millors-rutes-destiu-en-autocar-per-catalunya\/"},"author":{"name":"Serrano_edit","@id":"https:\/\/autocaresserrano.es\/ca\/#\/schema\/person\/d71ea0d58b06e215594111656638baa1"},"headline":"Descobreix les Millors Rutes d&#8217;Estiu en Autocar per Catalunya","datePublished":"2024-07-09T11:03:31+00:00","dateModified":"2024-07-12T10:44:03+00:00","mainEntityOfPage":{"@id":"https:\/\/autocaresserrano.es\/ca\/descobreix-les-millors-rutes-destiu-en-autocar-per-catalunya\/"},"wordCount":741,"commentCount":0,"publisher":{"@id":"https:\/\/autocaresserrano.es\/ca\/#organization"},"image":{"@id":"https:\/\/autocaresserrano.es\/ca\/descobreix-les-millors-rutes-destiu-en-autocar-per-catalunya\/#primaryimage"},"thumbnailUrl":"https:\/\/autocaresserrano.es\/wp-content\/uploads\/2024\/07\/Autocares_Serrano_barcelona-32-scaled.jpg","articleSection":["Artificial intelligence","Uncategorized @ca"],"inLanguage":"ca","potentialAction":[{"@type":"CommentAction","name":"Comment","target":["https:\/\/autocaresserrano.es\/ca\/descobreix-les-millors-rutes-destiu-en-autocar-per-catalunya\/#respond"]}]},{"@type":"WebPage","@id":"https:\/\/autocaresserrano.es\/ca\/descobreix-les-millors-rutes-destiu-en-autocar-per-catalunya\/","url":"https:\/\/autocaresserrano.es\/ca\/descobreix-les-millors-rutes-destiu-en-autocar-per-catalunya\/","name":"Descobreix les Millors Rutes d'Estiu en Autocar per Catalunya | Autocares Serrano","isPartOf":{"@id":"https:\/\/autocaresserrano.es\/ca\/#website"},"primaryImageOfPage":{"@id":"https:\/\/autocaresserrano.es\/ca\/descobreix-les-millors-rutes-destiu-en-autocar-per-catalunya\/#primaryimage"},"image":{"@id":"https:\/\/autocaresserrano.es\/ca\/descobreix-les-millors-rutes-destiu-en-autocar-per-catalunya\/#primaryimage"},"thumbnailUrl":"https:\/\/autocaresserrano.es\/wp-content\/uploads\/2024\/07\/Autocares_Serrano_barcelona-32-scaled.jpg","datePublished":"2024-07-09T11:03:31+00:00","dateModified":"2024-07-12T10:44:03+00:00","breadcrumb":{"@id":"https:\/\/autocaresserrano.es\/ca\/descobreix-les-millors-rutes-destiu-en-autocar-per-catalunya\/#breadcrumb"},"inLanguage":"ca","potentialAction":[{"@type":"ReadAction","target":["https:\/\/autocaresserrano.es\/ca\/descobreix-les-millors-rutes-destiu-en-autocar-per-catalunya\/"]}]},{"@type":"ImageObject","inLanguage":"ca","@id":"https:\/\/autocaresserrano.es\/ca\/descobreix-les-millors-rutes-destiu-en-autocar-per-catalunya\/#primaryimage","url":"https:\/\/autocaresserrano.es\/wp-content\/uploads\/2024\/07\/Autocares_Serrano_barcelona-32-scaled.jpg","contentUrl":"https:\/\/autocaresserrano.es\/wp-content\/uploads\/2024\/07\/Autocares_Serrano_barcelona-32-scaled.jpg","width":2560,"height":1708},{"@type":"BreadcrumbList","@id":"https:\/\/autocaresserrano.es\/ca\/descobreix-les-millors-rutes-destiu-en-autocar-per-catalunya\/#breadcrumb","itemListElement":[{"@type":"ListItem","position":1,"name":"Portada","item":"https:\/\/autocaresserrano.es\/ca\/inici\/"},{"@type":"ListItem","position":2,"name":"Descobreix les Millors Rutes d&#8217;Estiu en Autocar per Catalunya"}]},{"@type":"WebSite","@id":"https:\/\/autocaresserrano.es\/ca\/#website","url":"https:\/\/autocaresserrano.es\/ca\/","name":"Autocares Serrano","description":"Otro sitio realizado con WordPress","publisher":{"@id":"https:\/\/autocaresserrano.es\/ca\/#organization"},"potentialAction":[{"@type":"SearchAction","target":{"@type":"EntryPoint","urlTemplate":"https:\/\/autocaresserrano.es\/ca\/?s={search_term_string}"},"query-input":{"@type":"PropertyValueSpecification","valueRequired":true,"valueName":"search_term_string"}}],"inLanguage":"ca"},{"@type":"Organization","@id":"https:\/\/autocaresserrano.es\/ca\/#organization","name":"Autocares Serrano","url":"https:\/\/autocaresserrano.es\/ca\/","logo":{"@type":"ImageObject","inLanguage":"ca","@id":"https:\/\/autocaresserrano.es\/ca\/#\/schema\/logo\/image\/","url":"http:\/\/autocares.iditalweb.com\/wp-content\/uploads\/2022\/08\/autocares-serrano-logo.png","contentUrl":"http:\/\/autocares.iditalweb.com\/wp-content\/uploads\/2022\/08\/autocares-serrano-logo.png","width":500,"height":345,"caption":"Autocares Serrano"},"image":{"@id":"https:\/\/autocaresserrano.es\/ca\/#\/schema\/logo\/image\/"}},{"@type":"Person","@id":"https:\/\/autocaresserrano.es\/ca\/#\/schema\/person\/d71ea0d58b06e215594111656638baa1","name":"Serrano_edit","image":{"@type":"ImageObject","inLanguage":"ca","@id":"https:\/\/autocaresserrano.es\/ca\/#\/schema\/person\/image\/","url":"https:\/\/secure.gravatar.com\/avatar\/8d511ff9c382c9424958bbcf6293eeb9ed9866c25684a98b6d366bd14ff14a93?s=96&d=mm&r=g","contentUrl":"https:\/\/secure.gravatar.com\/avatar\/8d511ff9c382c9424958bbcf6293eeb9ed9866c25684a98b6d366bd14ff14a93?s=96&d=mm&r=g","caption":"Serrano_edit"}}]}},"_links":{"self":[{"href":"https:\/\/autocaresserrano.es\/ca\/wp-json\/wp\/v2\/posts\/2986","targetHints":{"allow":["GET"]}}],"collection":[{"href":"https:\/\/autocaresserrano.es\/ca\/wp-json\/wp\/v2\/posts"}],"about":[{"href":"https:\/\/autocaresserrano.es\/ca\/wp-json\/wp\/v2\/types\/post"}],"author":[{"embeddable":true,"href":"https:\/\/autocaresserrano.es\/ca\/wp-json\/wp\/v2\/users\/3"}],"replies":[{"embeddable":true,"href":"https:\/\/autocaresserrano.es\/ca\/wp-json\/wp\/v2\/comments?post=2986"}],"version-history":[{"count":1,"href":"https:\/\/autocaresserrano.es\/ca\/wp-json\/wp\/v2\/posts\/2986\/revisions"}],"predecessor-version":[{"id":2987,"href":"https:\/\/autocaresserrano.es\/ca\/wp-json\/wp\/v2\/posts\/2986\/revisions\/2987"}],"wp:featuredmedia":[{"embeddable":true,"href":"https:\/\/autocaresserrano.es\/ca\/wp-json\/wp\/v2\/media\/2981"}],"wp:attachment":[{"href":"https:\/\/autocaresserrano.es\/ca\/wp-json\/wp\/v2\/media?parent=2986"}],"wp:term":[{"taxonomy":"category","embeddable":true,"href":"https:\/\/autocaresserrano.es\/ca\/wp-json\/wp\/v2\/categories?post=2986"},{"taxonomy":"post_tag","embeddable":true,"href":"https:\/\/autocaresserrano.es\/ca\/wp-json\/wp\/v2\/tags?post=2986"}],"curies":[{"name":"wp","href":"https:\/\/api.w.org\/{rel}","templated":true}]}}