{"id":3025,"date":"2024-08-06T10:03:26","date_gmt":"2024-08-06T09:03:26","guid":{"rendered":"https:\/\/autocaresserrano.es\/tendencies-en-el-transport-de-passatgers-en-els-esdeveniments-mice\/"},"modified":"2024-08-06T10:36:43","modified_gmt":"2024-08-06T09:36:43","slug":"tendencies-en-el-transport-de-passatgers-en-els-esdeveniments-mice","status":"publish","type":"post","link":"https:\/\/autocaresserrano.es\/ca\/tendencies-en-el-transport-de-passatgers-en-els-esdeveniments-mice\/","title":{"rendered":"Tend\u00e8ncies en el Transport de Passatgers en els Esdeveniments MICE"},"content":{"rendered":"\n<p>El sector dels esdeveniments MICE (Meetings, Incentivis, Conferences, Exhibitions) est\u00e0 en constant evoluci\u00f3 amb una tend\u00e8ncia creixent aquests \u00faltims mesos. A Barcelona, entre setembre i desembre de 2024, es destacaran diverses tend\u00e8ncies en el transport de passatgers, i en Autocars Serrano estem preparats per a oferir els millors serveis en lloguer d&#8217;autocar a Barcelona. A continuaci\u00f3, analitzem les principals tend\u00e8ncies que marquen el transport en esdeveniments MICE  <\/p>\n\n<h3 class=\"wp-block-heading\"><strong>1. \u00das de Vehicles Sostenibles<\/strong><\/h3>\n\n<p>La sostenibilitat \u00e9s crucial en la planificaci\u00f3 d&#8217;esdeveniments. En Autocars Serrano, hem incorporat una flota d&#8217;autobusos amb tecnologies de baixes emissions, contribuint a la protecci\u00f3 del medi ambient i complint amb les regulacions m\u00e9s estrictes. <\/p>\n\n<h3 class=\"wp-block-heading\"><strong>2.Tecnologia de Seguiment de Vehicles<\/strong><\/h3>\n\n<p>La tecnologia de seguiment permet als organitzadors monitorar en temps real la ubicaci\u00f3 dels autocars. En Autocars Serrano, utilitzem sistemes avan\u00e7ats de GPS i aplicacions de seguiment, optimitzant rutes i horaris per a una experi\u00e8ncia m\u00e9s eficient. <\/p>\n\n<h3 class=\"wp-block-heading\">3.<strong>Personalitzaci\u00f3 de Serveis<\/strong><\/h3>\n\n<p>La personalitzaci\u00f3 \u00e9s clau. Oferim serveis adaptats a cada esdeveniment, la selecci\u00f3 de rutes i horaris personalitzats, assegurant que cada detall s&#8217;ajusti a les necessitats espec\u00edfiques dels nostres clients. Vigilem cada detall dels nostres serveis.   <\/p>\n\n<p><strong>Beneficis de Contractar un Autocar per a Esdeveniments Corporatius a Barcelona<\/strong><\/p>\n\n<h4 class=\"wp-block-heading\"><strong>1. Comoditat i Conveni\u00e8ncia<\/strong><\/h4>\n\n<p>El lloguer d&#8217;autocars permet transportar grans grups d&#8217;assistents c\u00f2modament i sense complicacions, garantint que arribin descansats i llestos per a l&#8217;esdeveniment.<\/p>\n\n<h4 class=\"wp-block-heading\"><strong>2. Reducci\u00f3 de l&#8217;Estr\u00e8s Log\u00edstic<\/strong><\/h4>\n\n<p>La coordinaci\u00f3 del transport pot ser un dels aspectes m\u00e9s desafiadors de la planificaci\u00f3 d&#8217;un esdeveniment. En optar pel lloguer de vehicles per a esdeveniments, els organitzadors poden delegar aquesta tasca a professionals experimentats, la qual cosa redueix significativament l&#8217;estr\u00e8s log\u00edstic. <\/p>\n\n<h4 class=\"wp-block-heading\"><strong>3. Estalvi de Temps i Recursos<\/strong><\/h4>\n\n<p>El transport en grup estalvia temps i recursos, evitant el tr\u00e0nsit i els retards de coordinar m\u00faltiples vehicles individuals.<\/p>\n\n<h4 class=\"wp-block-heading\"><strong>4. Major Seguretat<\/strong><\/h4>\n\n<p>Contractar un autocar per a esdeveniments corporatius a Barcelona garanteix un nivell elevat de seguretat per als passatgers. Els conductors d&#8217;Autocars Serrano estan altament capacitats i compleixen amb totes les normatives de seguretat, assegurant un viatge segur i fiable. <\/p>\n\n<h4 class=\"wp-block-heading\"><strong>5.Imatge Professional<\/strong><\/h4>\n\n<p>L&#8217;\u00fas d&#8217;autocars moderns i ben equipats projecta una imatge professional i organitzada de l&#8217;esdeveniment.<\/p>\n\n<h2 class=\"wp-block-heading\">Algunes Fires d&#8217;Inter\u00e8s en Barcelona de Setembre a Desembre del 2024<\/h2>\n\n<h4 class=\"wp-block-heading\"><strong>1. ESMO Congress 2024<\/strong><\/h4>\n\n<p>Al setembre, aquest congr\u00e9s reunir\u00e0 especialistes en oncologia de tot el m\u00f3n.<\/p>\n\n<h4 class=\"wp-block-heading\"><strong>2. IBTM World 2024<\/strong><\/h4>\n\n<p>Celebrada al novembre, aquesta fira \u00e9s clau per a la ind\u00fastria d&#8217;esdeveniments i viatges de negocis.<\/p>\n\n<h4 class=\"wp-block-heading\"><strong>3. Smart City Expo World Congress 2024<\/strong><\/h4>\n\n<p>Al novembre, aquest congr\u00e9s se centra en solucions per a ciutats intel\u00b7ligents i sostenibles.<\/p>\n\n<p>En Autocars Serrano, ens mantenim a l&#8217;avantguarda de les tend\u00e8ncies en transport, oferint solucions innovadores i eficients. Si busques <strong>lloguer d&#8217;autocar a Barcelona<\/strong> o <strong>lloguer de vehicles per a esdeveniments<\/strong>, contacta&#8217;ns per a fer del teu esdeveniment un \u00e8xit rotund. <\/p>\n\n<p><a href=\"http:\/\/www.autocaresserrano.es\">www.autocaresserrano.es<\/a><\/p>\n\n<p><\/p>\n","protected":false},"excerpt":{"rendered":"<p>El sector dels esdeveniments MICE (Meetings, Incentivis, Conferences, Exhibitions) est\u00e0 en constant evoluci\u00f3 amb una tend\u00e8ncia creixent aquests \u00faltims mesos. A Barcelona, entre setembre i desembre de 2024, es destacaran diverses tend\u00e8ncies en el transport de passatgers, i en Autocars Serrano estem preparats per a oferir els millors serveis en lloguer d&#8217;autocar a Barcelona. A [&hellip;]<\/p>\n","protected":false},"author":3,"featured_media":3044,"comment_status":"open","ping_status":"open","sticky":false,"template":"","format":"standard","meta":{"footnotes":""},"categories":[9],"tags":[],"class_list":["post-3025","post","type-post","status-publish","format-standard","has-post-thumbnail","hentry","category-uncategorized-ca"],"yoast_head":"<!-- This site is optimized with the Yoast SEO plugin v25.2 - https:\/\/yoast.com\/wordpress\/plugins\/seo\/ -->\n<title>Tend\u00e8ncies en el Transport de Passatgers en els Esdeveniments MICE | Autocares Serrano<\/title>\n<meta name=\"robots\" content=\"index, follow, max-snippet:-1, max-image-preview:large, max-video-preview:-1\" \/>\n<link rel=\"canonical\" href=\"https:\/\/autocaresserrano.es\/ca\/tendencies-en-el-transport-de-passatgers-en-els-esdeveniments-mice\/\" \/>\n<meta property=\"og:locale\" content=\"ca_ES\" \/>\n<meta property=\"og:type\" content=\"article\" \/>\n<meta property=\"og:title\" content=\"Tend\u00e8ncies en el Transport de Passatgers en els Esdeveniments MICE | Autocares Serrano\" \/>\n<meta property=\"og:description\" content=\"El sector dels esdeveniments MICE (Meetings, Incentivis, Conferences, Exhibitions) est\u00e0 en constant evoluci\u00f3 amb una tend\u00e8ncia creixent aquests \u00faltims mesos. A Barcelona, entre setembre i desembre de 2024, es destacaran diverses tend\u00e8ncies en el transport de passatgers, i en Autocars Serrano estem preparats per a oferir els millors serveis en lloguer d&#8217;autocar a Barcelona. A [&hellip;]\" \/>\n<meta property=\"og:url\" content=\"https:\/\/autocaresserrano.es\/ca\/tendencies-en-el-transport-de-passatgers-en-els-esdeveniments-mice\/\" \/>\n<meta property=\"og:site_name\" content=\"Autocares Serrano\" \/>\n<meta property=\"article:published_time\" content=\"2024-08-06T09:03:26+00:00\" \/>\n<meta property=\"article:modified_time\" content=\"2024-08-06T09:36:43+00:00\" \/>\n<meta property=\"og:image\" content=\"https:\/\/autocaresserrano.es\/wp-content\/uploads\/2024\/08\/20230301_102526-1-scaled.jpg\" \/>\n\t<meta property=\"og:image:width\" content=\"2560\" \/>\n\t<meta property=\"og:image:height\" content=\"855\" \/>\n\t<meta property=\"og:image:type\" content=\"image\/jpeg\" \/>\n<meta name=\"author\" content=\"Serrano_edit\" \/>\n<meta name=\"twitter:card\" content=\"summary_large_image\" \/>\n<meta name=\"twitter:label1\" content=\"Escrit per\" \/>\n\t<meta name=\"twitter:data1\" content=\"Serrano_edit\" \/>\n\t<meta name=\"twitter:label2\" content=\"Temps estimat de lectura\" \/>\n\t<meta name=\"twitter:data2\" content=\"2 minuts\" \/>\n<script type=\"application\/ld+json\" class=\"yoast-schema-graph\">{\"@context\":\"https:\/\/schema.org\",\"@graph\":[{\"@type\":\"Article\",\"@id\":\"https:\/\/autocaresserrano.es\/ca\/tendencies-en-el-transport-de-passatgers-en-els-esdeveniments-mice\/#article\",\"isPartOf\":{\"@id\":\"https:\/\/autocaresserrano.es\/ca\/tendencies-en-el-transport-de-passatgers-en-els-esdeveniments-mice\/\"},\"author\":{\"name\":\"Serrano_edit\",\"@id\":\"https:\/\/autocaresserrano.es\/ca\/#\/schema\/person\/d71ea0d58b06e215594111656638baa1\"},\"headline\":\"Tend\u00e8ncies en el Transport de Passatgers en els Esdeveniments MICE\",\"datePublished\":\"2024-08-06T09:03:26+00:00\",\"dateModified\":\"2024-08-06T09:36:43+00:00\",\"mainEntityOfPage\":{\"@id\":\"https:\/\/autocaresserrano.es\/ca\/tendencies-en-el-transport-de-passatgers-en-els-esdeveniments-mice\/\"},\"wordCount\":504,\"commentCount\":0,\"publisher\":{\"@id\":\"https:\/\/autocaresserrano.es\/ca\/#organization\"},\"image\":{\"@id\":\"https:\/\/autocaresserrano.es\/ca\/tendencies-en-el-transport-de-passatgers-en-els-esdeveniments-mice\/#primaryimage\"},\"thumbnailUrl\":\"https:\/\/autocaresserrano.es\/wp-content\/uploads\/2024\/08\/20230301_102526-1-scaled.jpg\",\"articleSection\":[\"Uncategorized @ca\"],\"inLanguage\":\"ca\",\"potentialAction\":[{\"@type\":\"CommentAction\",\"name\":\"Comment\",\"target\":[\"https:\/\/autocaresserrano.es\/ca\/tendencies-en-el-transport-de-passatgers-en-els-esdeveniments-mice\/#respond\"]}]},{\"@type\":\"WebPage\",\"@id\":\"https:\/\/autocaresserrano.es\/ca\/tendencies-en-el-transport-de-passatgers-en-els-esdeveniments-mice\/\",\"url\":\"https:\/\/autocaresserrano.es\/ca\/tendencies-en-el-transport-de-passatgers-en-els-esdeveniments-mice\/\",\"name\":\"Tend\u00e8ncies en el Transport de Passatgers en els Esdeveniments MICE | Autocares Serrano\",\"isPartOf\":{\"@id\":\"https:\/\/autocaresserrano.es\/ca\/#website\"},\"primaryImageOfPage\":{\"@id\":\"https:\/\/autocaresserrano.es\/ca\/tendencies-en-el-transport-de-passatgers-en-els-esdeveniments-mice\/#primaryimage\"},\"image\":{\"@id\":\"https:\/\/autocaresserrano.es\/ca\/tendencies-en-el-transport-de-passatgers-en-els-esdeveniments-mice\/#primaryimage\"},\"thumbnailUrl\":\"https:\/\/autocaresserrano.es\/wp-content\/uploads\/2024\/08\/20230301_102526-1-scaled.jpg\",\"datePublished\":\"2024-08-06T09:03:26+00:00\",\"dateModified\":\"2024-08-06T09:36:43+00:00\",\"breadcrumb\":{\"@id\":\"https:\/\/autocaresserrano.es\/ca\/tendencies-en-el-transport-de-passatgers-en-els-esdeveniments-mice\/#breadcrumb\"},\"inLanguage\":\"ca\",\"potentialAction\":[{\"@type\":\"ReadAction\",\"target\":[\"https:\/\/autocaresserrano.es\/ca\/tendencies-en-el-transport-de-passatgers-en-els-esdeveniments-mice\/\"]}]},{\"@type\":\"ImageObject\",\"inLanguage\":\"ca\",\"@id\":\"https:\/\/autocaresserrano.es\/ca\/tendencies-en-el-transport-de-passatgers-en-els-esdeveniments-mice\/#primaryimage\",\"url\":\"https:\/\/autocaresserrano.es\/wp-content\/uploads\/2024\/08\/20230301_102526-1-scaled.jpg\",\"contentUrl\":\"https:\/\/autocaresserrano.es\/wp-content\/uploads\/2024\/08\/20230301_102526-1-scaled.jpg\",\"width\":2560,\"height\":855},{\"@type\":\"BreadcrumbList\",\"@id\":\"https:\/\/autocaresserrano.es\/ca\/tendencies-en-el-transport-de-passatgers-en-els-esdeveniments-mice\/#breadcrumb\",\"itemListElement\":[{\"@type\":\"ListItem\",\"position\":1,\"name\":\"Portada\",\"item\":\"https:\/\/autocaresserrano.es\/ca\/inici\/\"},{\"@type\":\"ListItem\",\"position\":2,\"name\":\"Tend\u00e8ncies en el Transport de Passatgers en els Esdeveniments MICE\"}]},{\"@type\":\"WebSite\",\"@id\":\"https:\/\/autocaresserrano.es\/ca\/#website\",\"url\":\"https:\/\/autocaresserrano.es\/ca\/\",\"name\":\"Autocares Serrano\",\"description\":\"Otro sitio realizado con WordPress\",\"publisher\":{\"@id\":\"https:\/\/autocaresserrano.es\/ca\/#organization\"},\"potentialAction\":[{\"@type\":\"SearchAction\",\"target\":{\"@type\":\"EntryPoint\",\"urlTemplate\":\"https:\/\/autocaresserrano.es\/ca\/?s={search_term_string}\"},\"query-input\":{\"@type\":\"PropertyValueSpecification\",\"valueRequired\":true,\"valueName\":\"search_term_string\"}}],\"inLanguage\":\"ca\"},{\"@type\":\"Organization\",\"@id\":\"https:\/\/autocaresserrano.es\/ca\/#organization\",\"name\":\"Autocares Serrano\",\"url\":\"https:\/\/autocaresserrano.es\/ca\/\",\"logo\":{\"@type\":\"ImageObject\",\"inLanguage\":\"ca\",\"@id\":\"https:\/\/autocaresserrano.es\/ca\/#\/schema\/logo\/image\/\",\"url\":\"http:\/\/autocares.iditalweb.com\/wp-content\/uploads\/2022\/08\/autocares-serrano-logo.png\",\"contentUrl\":\"http:\/\/autocares.iditalweb.com\/wp-content\/uploads\/2022\/08\/autocares-serrano-logo.png\",\"width\":500,\"height\":345,\"caption\":\"Autocares Serrano\"},\"image\":{\"@id\":\"https:\/\/autocaresserrano.es\/ca\/#\/schema\/logo\/image\/\"}},{\"@type\":\"Person\",\"@id\":\"https:\/\/autocaresserrano.es\/ca\/#\/schema\/person\/d71ea0d58b06e215594111656638baa1\",\"name\":\"Serrano_edit\",\"image\":{\"@type\":\"ImageObject\",\"inLanguage\":\"ca\",\"@id\":\"https:\/\/autocaresserrano.es\/ca\/#\/schema\/person\/image\/\",\"url\":\"https:\/\/secure.gravatar.com\/avatar\/8d511ff9c382c9424958bbcf6293eeb9ed9866c25684a98b6d366bd14ff14a93?s=96&d=mm&r=g\",\"contentUrl\":\"https:\/\/secure.gravatar.com\/avatar\/8d511ff9c382c9424958bbcf6293eeb9ed9866c25684a98b6d366bd14ff14a93?s=96&d=mm&r=g\",\"caption\":\"Serrano_edit\"}}]}<\/script>\n<!-- \/ Yoast SEO plugin. -->","yoast_head_json":{"title":"Tend\u00e8ncies en el Transport de Passatgers en els Esdeveniments MICE | Autocares Serrano","robots":{"index":"index","follow":"follow","max-snippet":"max-snippet:-1","max-image-preview":"max-image-preview:large","max-video-preview":"max-video-preview:-1"},"canonical":"https:\/\/autocaresserrano.es\/ca\/tendencies-en-el-transport-de-passatgers-en-els-esdeveniments-mice\/","og_locale":"ca_ES","og_type":"article","og_title":"Tend\u00e8ncies en el Transport de Passatgers en els Esdeveniments MICE | Autocares Serrano","og_description":"El sector dels esdeveniments MICE (Meetings, Incentivis, Conferences, Exhibitions) est\u00e0 en constant evoluci\u00f3 amb una tend\u00e8ncia creixent aquests \u00faltims mesos. A Barcelona, entre setembre i desembre de 2024, es destacaran diverses tend\u00e8ncies en el transport de passatgers, i en Autocars Serrano estem preparats per a oferir els millors serveis en lloguer d&#8217;autocar a Barcelona. A [&hellip;]","og_url":"https:\/\/autocaresserrano.es\/ca\/tendencies-en-el-transport-de-passatgers-en-els-esdeveniments-mice\/","og_site_name":"Autocares Serrano","article_published_time":"2024-08-06T09:03:26+00:00","article_modified_time":"2024-08-06T09:36:43+00:00","og_image":[{"width":2560,"height":855,"url":"https:\/\/autocaresserrano.es\/wp-content\/uploads\/2024\/08\/20230301_102526-1-scaled.jpg","type":"image\/jpeg"}],"author":"Serrano_edit","twitter_card":"summary_large_image","twitter_misc":{"Escrit per":"Serrano_edit","Temps estimat de lectura":"2 minuts"},"schema":{"@context":"https:\/\/schema.org","@graph":[{"@type":"Article","@id":"https:\/\/autocaresserrano.es\/ca\/tendencies-en-el-transport-de-passatgers-en-els-esdeveniments-mice\/#article","isPartOf":{"@id":"https:\/\/autocaresserrano.es\/ca\/tendencies-en-el-transport-de-passatgers-en-els-esdeveniments-mice\/"},"author":{"name":"Serrano_edit","@id":"https:\/\/autocaresserrano.es\/ca\/#\/schema\/person\/d71ea0d58b06e215594111656638baa1"},"headline":"Tend\u00e8ncies en el Transport de Passatgers en els Esdeveniments MICE","datePublished":"2024-08-06T09:03:26+00:00","dateModified":"2024-08-06T09:36:43+00:00","mainEntityOfPage":{"@id":"https:\/\/autocaresserrano.es\/ca\/tendencies-en-el-transport-de-passatgers-en-els-esdeveniments-mice\/"},"wordCount":504,"commentCount":0,"publisher":{"@id":"https:\/\/autocaresserrano.es\/ca\/#organization"},"image":{"@id":"https:\/\/autocaresserrano.es\/ca\/tendencies-en-el-transport-de-passatgers-en-els-esdeveniments-mice\/#primaryimage"},"thumbnailUrl":"https:\/\/autocaresserrano.es\/wp-content\/uploads\/2024\/08\/20230301_102526-1-scaled.jpg","articleSection":["Uncategorized @ca"],"inLanguage":"ca","potentialAction":[{"@type":"CommentAction","name":"Comment","target":["https:\/\/autocaresserrano.es\/ca\/tendencies-en-el-transport-de-passatgers-en-els-esdeveniments-mice\/#respond"]}]},{"@type":"WebPage","@id":"https:\/\/autocaresserrano.es\/ca\/tendencies-en-el-transport-de-passatgers-en-els-esdeveniments-mice\/","url":"https:\/\/autocaresserrano.es\/ca\/tendencies-en-el-transport-de-passatgers-en-els-esdeveniments-mice\/","name":"Tend\u00e8ncies en el Transport de Passatgers en els Esdeveniments MICE | Autocares Serrano","isPartOf":{"@id":"https:\/\/autocaresserrano.es\/ca\/#website"},"primaryImageOfPage":{"@id":"https:\/\/autocaresserrano.es\/ca\/tendencies-en-el-transport-de-passatgers-en-els-esdeveniments-mice\/#primaryimage"},"image":{"@id":"https:\/\/autocaresserrano.es\/ca\/tendencies-en-el-transport-de-passatgers-en-els-esdeveniments-mice\/#primaryimage"},"thumbnailUrl":"https:\/\/autocaresserrano.es\/wp-content\/uploads\/2024\/08\/20230301_102526-1-scaled.jpg","datePublished":"2024-08-06T09:03:26+00:00","dateModified":"2024-08-06T09:36:43+00:00","breadcrumb":{"@id":"https:\/\/autocaresserrano.es\/ca\/tendencies-en-el-transport-de-passatgers-en-els-esdeveniments-mice\/#breadcrumb"},"inLanguage":"ca","potentialAction":[{"@type":"ReadAction","target":["https:\/\/autocaresserrano.es\/ca\/tendencies-en-el-transport-de-passatgers-en-els-esdeveniments-mice\/"]}]},{"@type":"ImageObject","inLanguage":"ca","@id":"https:\/\/autocaresserrano.es\/ca\/tendencies-en-el-transport-de-passatgers-en-els-esdeveniments-mice\/#primaryimage","url":"https:\/\/autocaresserrano.es\/wp-content\/uploads\/2024\/08\/20230301_102526-1-scaled.jpg","contentUrl":"https:\/\/autocaresserrano.es\/wp-content\/uploads\/2024\/08\/20230301_102526-1-scaled.jpg","width":2560,"height":855},{"@type":"BreadcrumbList","@id":"https:\/\/autocaresserrano.es\/ca\/tendencies-en-el-transport-de-passatgers-en-els-esdeveniments-mice\/#breadcrumb","itemListElement":[{"@type":"ListItem","position":1,"name":"Portada","item":"https:\/\/autocaresserrano.es\/ca\/inici\/"},{"@type":"ListItem","position":2,"name":"Tend\u00e8ncies en el Transport de Passatgers en els Esdeveniments MICE"}]},{"@type":"WebSite","@id":"https:\/\/autocaresserrano.es\/ca\/#website","url":"https:\/\/autocaresserrano.es\/ca\/","name":"Autocares Serrano","description":"Otro sitio realizado con WordPress","publisher":{"@id":"https:\/\/autocaresserrano.es\/ca\/#organization"},"potentialAction":[{"@type":"SearchAction","target":{"@type":"EntryPoint","urlTemplate":"https:\/\/autocaresserrano.es\/ca\/?s={search_term_string}"},"query-input":{"@type":"PropertyValueSpecification","valueRequired":true,"valueName":"search_term_string"}}],"inLanguage":"ca"},{"@type":"Organization","@id":"https:\/\/autocaresserrano.es\/ca\/#organization","name":"Autocares Serrano","url":"https:\/\/autocaresserrano.es\/ca\/","logo":{"@type":"ImageObject","inLanguage":"ca","@id":"https:\/\/autocaresserrano.es\/ca\/#\/schema\/logo\/image\/","url":"http:\/\/autocares.iditalweb.com\/wp-content\/uploads\/2022\/08\/autocares-serrano-logo.png","contentUrl":"http:\/\/autocares.iditalweb.com\/wp-content\/uploads\/2022\/08\/autocares-serrano-logo.png","width":500,"height":345,"caption":"Autocares Serrano"},"image":{"@id":"https:\/\/autocaresserrano.es\/ca\/#\/schema\/logo\/image\/"}},{"@type":"Person","@id":"https:\/\/autocaresserrano.es\/ca\/#\/schema\/person\/d71ea0d58b06e215594111656638baa1","name":"Serrano_edit","image":{"@type":"ImageObject","inLanguage":"ca","@id":"https:\/\/autocaresserrano.es\/ca\/#\/schema\/person\/image\/","url":"https:\/\/secure.gravatar.com\/avatar\/8d511ff9c382c9424958bbcf6293eeb9ed9866c25684a98b6d366bd14ff14a93?s=96&d=mm&r=g","contentUrl":"https:\/\/secure.gravatar.com\/avatar\/8d511ff9c382c9424958bbcf6293eeb9ed9866c25684a98b6d366bd14ff14a93?s=96&d=mm&r=g","caption":"Serrano_edit"}}]}},"_links":{"self":[{"href":"https:\/\/autocaresserrano.es\/ca\/wp-json\/wp\/v2\/posts\/3025","targetHints":{"allow":["GET"]}}],"collection":[{"href":"https:\/\/autocaresserrano.es\/ca\/wp-json\/wp\/v2\/posts"}],"about":[{"href":"https:\/\/autocaresserrano.es\/ca\/wp-json\/wp\/v2\/types\/post"}],"author":[{"embeddable":true,"href":"https:\/\/autocaresserrano.es\/ca\/wp-json\/wp\/v2\/users\/3"}],"replies":[{"embeddable":true,"href":"https:\/\/autocaresserrano.es\/ca\/wp-json\/wp\/v2\/comments?post=3025"}],"version-history":[{"count":2,"href":"https:\/\/autocaresserrano.es\/ca\/wp-json\/wp\/v2\/posts\/3025\/revisions"}],"predecessor-version":[{"id":3037,"href":"https:\/\/autocaresserrano.es\/ca\/wp-json\/wp\/v2\/posts\/3025\/revisions\/3037"}],"wp:featuredmedia":[{"embeddable":true,"href":"https:\/\/autocaresserrano.es\/ca\/wp-json\/wp\/v2\/media\/3044"}],"wp:attachment":[{"href":"https:\/\/autocaresserrano.es\/ca\/wp-json\/wp\/v2\/media?parent=3025"}],"wp:term":[{"taxonomy":"category","embeddable":true,"href":"https:\/\/autocaresserrano.es\/ca\/wp-json\/wp\/v2\/categories?post=3025"},{"taxonomy":"post_tag","embeddable":true,"href":"https:\/\/autocaresserrano.es\/ca\/wp-json\/wp\/v2\/tags?post=3025"}],"curies":[{"name":"wp","href":"https:\/\/api.w.org\/{rel}","templated":true}]}}