{"id":3051,"date":"2024-09-30T14:32:40","date_gmt":"2024-09-30T13:32:40","guid":{"rendered":"https:\/\/autocaresserrano.es\/avantatges-de-viatjar-en-autocar-a-la-tardor-comoditat-paisatges-i-sostenibilitat\/"},"modified":"2025-04-23T09:13:37","modified_gmt":"2025-04-23T08:13:37","slug":"avantatges-de-viatjar-en-autocar-a-la-tardor-comoditat-paisatges-i-sostenibilitat","status":"publish","type":"post","link":"https:\/\/autocaresserrano.es\/ca\/avantatges-de-viatjar-en-autocar-a-la-tardor-comoditat-paisatges-i-sostenibilitat\/","title":{"rendered":"Avantatges de Viatjar en Autocar a la tardor: Comoditat, Paisatges i Sostenibilitat"},"content":{"rendered":"\n<p>La tardor \u00e9s una de les estacions m\u00e9s m\u00e0giques de l&#8217;any per a viatjar. Els paisatges es transformen, la naturalesa es vesteix de tons c\u00e0lids i les temperatures conviden a gaudir d&#8217;activitats a l&#8217;aire lliure. Si busques una manera c\u00f2moda, segura i sostenible de rec\u00f3rrer aquests meravellosos escenaris, anar en autocar \u00e9s una opci\u00f3 que ho t\u00e9 tot. En <strong>Autocars Serrano<\/strong>, et comptem per qu\u00e8 viatjar en autocar durant la tardor \u00e9s la millor elecci\u00f3.   <\/p>\n\n<p><strong>1. Comoditat i Seguretat en la Carretera<\/strong><\/p>\n\n<p>Amb la tardor arriben les pluges i, en alguns casos, la boira, la qual cosa pot fer que conduir sigui un repte perill\u00f3s. En lloc de preocupar-te per l&#8217;estat de les carreteres, deixa que els nostres conductors professionals s&#8217;encarreguin del trajecte, amb anys d&#8217;experi\u00e8ncia. Viatjar en autocar t&#8217;ofereix la tranquil\u00b7litat d&#8217;oblidar-te del tr\u00e0nsit, els mapes i les condicions meteorol\u00f2giques. Pots relaxar-te en un seient c\u00f2mode, gaudir del paisatge o simplement dormir mentre arribes al teu dest\u00ed sense preocupacions   <\/p>\n\n<p>A m\u00e9s, els nostres autobusos estan equipats amb climatitzaci\u00f3, perqu\u00e8 el teu viatge sigui el m\u00e9s agradable possible en aquesta \u00e8poca de l&#8217;any.<\/p>\n\n<p><strong>2. Gaudeix dels Paisatges Tardorencs sense Distraccions<\/strong><\/p>\n\n<p>Viatjar en autocar et permet admirar aquests paisatges sense haver d&#8217;estar pendent del volant. Pots prendre fotos, llegir un bon llibre o simplement contemplar la naturalesa en tota la seva esplendor des de la finestra. <\/p>\n\n<p><strong>3. Una Opci\u00f3 Sostenible i Ecol\u00f2gica<\/strong><\/p>\n\n<p>El turisme sostenible \u00e9s cada vegada m\u00e9s important, i viatjar en autocar \u00e9s una de les formes m\u00e9s ecol\u00f2giques de fer-ho. Segons un estudi de l&#8217;Associaci\u00f3 Internacional del Transport P\u00fablic (UITP), els autobusos emeten significativament menys CO\u2082 per passatger que els cotxes o els avions. En triar l&#8217;autocar per a viatjar, no sols est\u00e0s gaudint d&#8217;un viatge c\u00f2mode, sin\u00f3 que tamb\u00e9 est\u00e0s reduint la teva petjada de carboni i contribuint a la protecci\u00f3 del medi ambient.  <\/p>\n\n<p>En Autocars Serrano, estem compromesos amb protegir el nostre entorn. Apostem per un turisme m\u00e9s conscient i sostenible. <\/p>\n\n<p><strong>4. Propostes de Destins Tardorencs a Catalunya<\/strong><\/p>\n\n<p>Aquesta tardor, et proposem algunes destinacions ideals per a gaudir del canvi d&#8217;estaci\u00f3 a Catalunya, tots accessibles amb els nostres serveis d&#8217;autobusos:<\/p>\n\n<ul class=\"wp-block-list\">\n<li><u><strong>Montserrat: <\/strong><\/u>Aquest majestu\u00f3s parc natural \u00e9s perfecte per a gaudir de senderisme i paisatges impressionants. Les muntanyes de Montserrat ofereixen rutes de diverses dificultats. A m\u00e9s, pots visitar el monestir i gaudir de la hist\u00f2ria i la cultura de la zona.  <\/li>\n\n\n\n<li><strong><u>Parque Natural del Montseny<\/u><\/strong>: Este espacio protegido es ideal para los amantes de la naturaleza. Hay numerosas rutas adaptadas a diferentes niveles, y la gastronom\u00eda de la zona es otro atractivo que no te puedes perder. <\/li>\n\n\n\n<li><u><strong>Costa Brava: <\/strong><\/u>Encara que \u00e9s un dest\u00ed popular a l&#8217;estiu, la tardor ofereix una experi\u00e8ncia m\u00e9s tranquil\u00b7la i afable. Pots rec\u00f3rrer els encantadors pobles pesquers, com Calella de Palafrugell o Tossa de Mar, i gaudir de rutes de senderisme pels penya-segats mentre contemples la mar en el seu estat m\u00e9s ser\u00e8. <\/li>\n\n\n\n<li><strong><u>La Garrotxa:<\/u><\/strong> Conocida por su paisaje volc\u00e1nico, este parque natural es un lugar excepcional para disfrutar de la naturaleza en oto\u00f1o. Los bosques de hayedos se visten de colores c\u00e1lidos, y hay muchas rutas de senderismo que te llevar\u00e1n a descubrir su riqueza natural. Adem\u00e1s, puedes visitar los pueblos medievales de la zona, como Besal\u00fa, que son especialmente pintorescos en esta \u00e9poca del a\u00f1o.  <\/li>\n\n\n\n<li><u><strong>Cellers del Pened\u00e8s:<\/strong><\/u> La tardor \u00e9s una \u00e8poca ideal per a visitar els cellers de la regi\u00f3 del Pened\u00e8s, famosa pels seus vins i caves. Realitza una ruta, <\/li>\n<\/ul>\n\n<p><strong>Reserva el teu viatge i viu una experi\u00e8ncia inoblidable amb nosaltres!<\/strong><\/p>\n","protected":false},"excerpt":{"rendered":"<p>La tardor \u00e9s una de les estacions m\u00e9s m\u00e0giques de l&#8217;any per a viatjar. Els paisatges es transformen, la naturalesa es vesteix de tons c\u00e0lids i les temperatures conviden a gaudir d&#8217;activitats a l&#8217;aire lliure. Si busques una manera c\u00f2moda, segura i sostenible de rec\u00f3rrer aquests meravellosos escenaris, anar en autocar \u00e9s una opci\u00f3 que [&hellip;]<\/p>\n","protected":false},"author":3,"featured_media":3057,"comment_status":"open","ping_status":"open","sticky":false,"template":"","format":"standard","meta":{"footnotes":""},"categories":[9],"tags":[],"class_list":["post-3051","post","type-post","status-publish","format-standard","has-post-thumbnail","hentry","category-uncategorized-ca"],"yoast_head":"<!-- This site is optimized with the Yoast SEO plugin v25.2 - https:\/\/yoast.com\/wordpress\/plugins\/seo\/ -->\n<title>Avantatges de Viatjar en Autocar a la tardor: Comoditat<\/title>\n<meta name=\"description\" content=\"Gaudeix de la tardor viatjant en autocar. Comoditat, paisatges incre\u00efbles i sostenibilitat amb Autocars Serrano.\" \/>\n<meta name=\"robots\" content=\"index, follow, max-snippet:-1, max-image-preview:large, max-video-preview:-1\" \/>\n<link rel=\"canonical\" href=\"https:\/\/autocaresserrano.es\/ca\/avantatges-de-viatjar-en-autocar-a-la-tardor-comoditat-paisatges-i-sostenibilitat\/\" \/>\n<meta property=\"og:locale\" content=\"ca_ES\" \/>\n<meta property=\"og:type\" content=\"article\" \/>\n<meta property=\"og:title\" content=\"Avantatges de Viatjar en Autocar a la tardor: Comoditat\" \/>\n<meta property=\"og:description\" content=\"Gaudeix de la tardor viatjant en autocar. Comoditat, paisatges incre\u00efbles i sostenibilitat amb Autocars Serrano.\" \/>\n<meta property=\"og:url\" content=\"https:\/\/autocaresserrano.es\/ca\/avantatges-de-viatjar-en-autocar-a-la-tardor-comoditat-paisatges-i-sostenibilitat\/\" \/>\n<meta property=\"og:site_name\" content=\"Autocares Serrano\" \/>\n<meta property=\"article:published_time\" content=\"2024-09-30T13:32:40+00:00\" \/>\n<meta property=\"article:modified_time\" content=\"2025-04-23T08:13:37+00:00\" \/>\n<meta property=\"og:image\" content=\"https:\/\/autocaresserrano.es\/wp-content\/uploads\/2024\/09\/road-5710316_1280.jpg\" \/>\n\t<meta property=\"og:image:width\" content=\"1280\" \/>\n\t<meta property=\"og:image:height\" content=\"853\" \/>\n\t<meta property=\"og:image:type\" content=\"image\/jpeg\" \/>\n<meta name=\"author\" content=\"Serrano_edit\" \/>\n<meta name=\"twitter:card\" content=\"summary_large_image\" \/>\n<meta name=\"twitter:label1\" content=\"Escrit per\" \/>\n\t<meta name=\"twitter:data1\" content=\"Serrano_edit\" \/>\n\t<meta name=\"twitter:label2\" content=\"Temps estimat de lectura\" \/>\n\t<meta name=\"twitter:data2\" content=\"3 minuts\" \/>\n<script type=\"application\/ld+json\" class=\"yoast-schema-graph\">{\"@context\":\"https:\/\/schema.org\",\"@graph\":[{\"@type\":\"Article\",\"@id\":\"https:\/\/autocaresserrano.es\/ca\/avantatges-de-viatjar-en-autocar-a-la-tardor-comoditat-paisatges-i-sostenibilitat\/#article\",\"isPartOf\":{\"@id\":\"https:\/\/autocaresserrano.es\/ca\/avantatges-de-viatjar-en-autocar-a-la-tardor-comoditat-paisatges-i-sostenibilitat\/\"},\"author\":{\"name\":\"Serrano_edit\",\"@id\":\"https:\/\/autocaresserrano.es\/ca\/#\/schema\/person\/d71ea0d58b06e215594111656638baa1\"},\"headline\":\"Avantatges de Viatjar en Autocar a la tardor: Comoditat, Paisatges i Sostenibilitat\",\"datePublished\":\"2024-09-30T13:32:40+00:00\",\"dateModified\":\"2025-04-23T08:13:37+00:00\",\"mainEntityOfPage\":{\"@id\":\"https:\/\/autocaresserrano.es\/ca\/avantatges-de-viatjar-en-autocar-a-la-tardor-comoditat-paisatges-i-sostenibilitat\/\"},\"wordCount\":649,\"commentCount\":0,\"publisher\":{\"@id\":\"https:\/\/autocaresserrano.es\/ca\/#organization\"},\"image\":{\"@id\":\"https:\/\/autocaresserrano.es\/ca\/avantatges-de-viatjar-en-autocar-a-la-tardor-comoditat-paisatges-i-sostenibilitat\/#primaryimage\"},\"thumbnailUrl\":\"https:\/\/autocaresserrano.es\/wp-content\/uploads\/2024\/09\/road-5710316_1280.jpg\",\"articleSection\":[\"Uncategorized @ca\"],\"inLanguage\":\"ca\",\"potentialAction\":[{\"@type\":\"CommentAction\",\"name\":\"Comment\",\"target\":[\"https:\/\/autocaresserrano.es\/ca\/avantatges-de-viatjar-en-autocar-a-la-tardor-comoditat-paisatges-i-sostenibilitat\/#respond\"]}]},{\"@type\":\"WebPage\",\"@id\":\"https:\/\/autocaresserrano.es\/ca\/avantatges-de-viatjar-en-autocar-a-la-tardor-comoditat-paisatges-i-sostenibilitat\/\",\"url\":\"https:\/\/autocaresserrano.es\/ca\/avantatges-de-viatjar-en-autocar-a-la-tardor-comoditat-paisatges-i-sostenibilitat\/\",\"name\":\"Avantatges de Viatjar en Autocar a la tardor: Comoditat\",\"isPartOf\":{\"@id\":\"https:\/\/autocaresserrano.es\/ca\/#website\"},\"primaryImageOfPage\":{\"@id\":\"https:\/\/autocaresserrano.es\/ca\/avantatges-de-viatjar-en-autocar-a-la-tardor-comoditat-paisatges-i-sostenibilitat\/#primaryimage\"},\"image\":{\"@id\":\"https:\/\/autocaresserrano.es\/ca\/avantatges-de-viatjar-en-autocar-a-la-tardor-comoditat-paisatges-i-sostenibilitat\/#primaryimage\"},\"thumbnailUrl\":\"https:\/\/autocaresserrano.es\/wp-content\/uploads\/2024\/09\/road-5710316_1280.jpg\",\"datePublished\":\"2024-09-30T13:32:40+00:00\",\"dateModified\":\"2025-04-23T08:13:37+00:00\",\"description\":\"Gaudeix de la tardor viatjant en autocar. Comoditat, paisatges incre\u00efbles i sostenibilitat amb Autocars Serrano.\",\"breadcrumb\":{\"@id\":\"https:\/\/autocaresserrano.es\/ca\/avantatges-de-viatjar-en-autocar-a-la-tardor-comoditat-paisatges-i-sostenibilitat\/#breadcrumb\"},\"inLanguage\":\"ca\",\"potentialAction\":[{\"@type\":\"ReadAction\",\"target\":[\"https:\/\/autocaresserrano.es\/ca\/avantatges-de-viatjar-en-autocar-a-la-tardor-comoditat-paisatges-i-sostenibilitat\/\"]}]},{\"@type\":\"ImageObject\",\"inLanguage\":\"ca\",\"@id\":\"https:\/\/autocaresserrano.es\/ca\/avantatges-de-viatjar-en-autocar-a-la-tardor-comoditat-paisatges-i-sostenibilitat\/#primaryimage\",\"url\":\"https:\/\/autocaresserrano.es\/wp-content\/uploads\/2024\/09\/road-5710316_1280.jpg\",\"contentUrl\":\"https:\/\/autocaresserrano.es\/wp-content\/uploads\/2024\/09\/road-5710316_1280.jpg\",\"width\":1280,\"height\":853,\"caption\":\"Carretera panor\u00e1mica en ruta de viaje con Autocares Serrano\"},{\"@type\":\"BreadcrumbList\",\"@id\":\"https:\/\/autocaresserrano.es\/ca\/avantatges-de-viatjar-en-autocar-a-la-tardor-comoditat-paisatges-i-sostenibilitat\/#breadcrumb\",\"itemListElement\":[{\"@type\":\"ListItem\",\"position\":1,\"name\":\"Portada\",\"item\":\"https:\/\/autocaresserrano.es\/ca\/inici\/\"},{\"@type\":\"ListItem\",\"position\":2,\"name\":\"Avantatges de Viatjar en Autocar a la tardor: Comoditat, Paisatges i Sostenibilitat\"}]},{\"@type\":\"WebSite\",\"@id\":\"https:\/\/autocaresserrano.es\/ca\/#website\",\"url\":\"https:\/\/autocaresserrano.es\/ca\/\",\"name\":\"Autocares Serrano\",\"description\":\"Otro sitio realizado con WordPress\",\"publisher\":{\"@id\":\"https:\/\/autocaresserrano.es\/ca\/#organization\"},\"potentialAction\":[{\"@type\":\"SearchAction\",\"target\":{\"@type\":\"EntryPoint\",\"urlTemplate\":\"https:\/\/autocaresserrano.es\/ca\/?s={search_term_string}\"},\"query-input\":{\"@type\":\"PropertyValueSpecification\",\"valueRequired\":true,\"valueName\":\"search_term_string\"}}],\"inLanguage\":\"ca\"},{\"@type\":\"Organization\",\"@id\":\"https:\/\/autocaresserrano.es\/ca\/#organization\",\"name\":\"Autocares Serrano\",\"url\":\"https:\/\/autocaresserrano.es\/ca\/\",\"logo\":{\"@type\":\"ImageObject\",\"inLanguage\":\"ca\",\"@id\":\"https:\/\/autocaresserrano.es\/ca\/#\/schema\/logo\/image\/\",\"url\":\"http:\/\/autocares.iditalweb.com\/wp-content\/uploads\/2022\/08\/autocares-serrano-logo.png\",\"contentUrl\":\"http:\/\/autocares.iditalweb.com\/wp-content\/uploads\/2022\/08\/autocares-serrano-logo.png\",\"width\":500,\"height\":345,\"caption\":\"Autocares Serrano\"},\"image\":{\"@id\":\"https:\/\/autocaresserrano.es\/ca\/#\/schema\/logo\/image\/\"}},{\"@type\":\"Person\",\"@id\":\"https:\/\/autocaresserrano.es\/ca\/#\/schema\/person\/d71ea0d58b06e215594111656638baa1\",\"name\":\"Serrano_edit\",\"image\":{\"@type\":\"ImageObject\",\"inLanguage\":\"ca\",\"@id\":\"https:\/\/autocaresserrano.es\/ca\/#\/schema\/person\/image\/\",\"url\":\"https:\/\/secure.gravatar.com\/avatar\/8d511ff9c382c9424958bbcf6293eeb9ed9866c25684a98b6d366bd14ff14a93?s=96&d=mm&r=g\",\"contentUrl\":\"https:\/\/secure.gravatar.com\/avatar\/8d511ff9c382c9424958bbcf6293eeb9ed9866c25684a98b6d366bd14ff14a93?s=96&d=mm&r=g\",\"caption\":\"Serrano_edit\"}}]}<\/script>\n<!-- \/ Yoast SEO plugin. -->","yoast_head_json":{"title":"Avantatges de Viatjar en Autocar a la tardor: Comoditat","description":"Gaudeix de la tardor viatjant en autocar. Comoditat, paisatges incre\u00efbles i sostenibilitat amb Autocars Serrano.","robots":{"index":"index","follow":"follow","max-snippet":"max-snippet:-1","max-image-preview":"max-image-preview:large","max-video-preview":"max-video-preview:-1"},"canonical":"https:\/\/autocaresserrano.es\/ca\/avantatges-de-viatjar-en-autocar-a-la-tardor-comoditat-paisatges-i-sostenibilitat\/","og_locale":"ca_ES","og_type":"article","og_title":"Avantatges de Viatjar en Autocar a la tardor: Comoditat","og_description":"Gaudeix de la tardor viatjant en autocar. Comoditat, paisatges incre\u00efbles i sostenibilitat amb Autocars Serrano.","og_url":"https:\/\/autocaresserrano.es\/ca\/avantatges-de-viatjar-en-autocar-a-la-tardor-comoditat-paisatges-i-sostenibilitat\/","og_site_name":"Autocares Serrano","article_published_time":"2024-09-30T13:32:40+00:00","article_modified_time":"2025-04-23T08:13:37+00:00","og_image":[{"width":1280,"height":853,"url":"https:\/\/autocaresserrano.es\/wp-content\/uploads\/2024\/09\/road-5710316_1280.jpg","type":"image\/jpeg"}],"author":"Serrano_edit","twitter_card":"summary_large_image","twitter_misc":{"Escrit per":"Serrano_edit","Temps estimat de lectura":"3 minuts"},"schema":{"@context":"https:\/\/schema.org","@graph":[{"@type":"Article","@id":"https:\/\/autocaresserrano.es\/ca\/avantatges-de-viatjar-en-autocar-a-la-tardor-comoditat-paisatges-i-sostenibilitat\/#article","isPartOf":{"@id":"https:\/\/autocaresserrano.es\/ca\/avantatges-de-viatjar-en-autocar-a-la-tardor-comoditat-paisatges-i-sostenibilitat\/"},"author":{"name":"Serrano_edit","@id":"https:\/\/autocaresserrano.es\/ca\/#\/schema\/person\/d71ea0d58b06e215594111656638baa1"},"headline":"Avantatges de Viatjar en Autocar a la tardor: Comoditat, Paisatges i Sostenibilitat","datePublished":"2024-09-30T13:32:40+00:00","dateModified":"2025-04-23T08:13:37+00:00","mainEntityOfPage":{"@id":"https:\/\/autocaresserrano.es\/ca\/avantatges-de-viatjar-en-autocar-a-la-tardor-comoditat-paisatges-i-sostenibilitat\/"},"wordCount":649,"commentCount":0,"publisher":{"@id":"https:\/\/autocaresserrano.es\/ca\/#organization"},"image":{"@id":"https:\/\/autocaresserrano.es\/ca\/avantatges-de-viatjar-en-autocar-a-la-tardor-comoditat-paisatges-i-sostenibilitat\/#primaryimage"},"thumbnailUrl":"https:\/\/autocaresserrano.es\/wp-content\/uploads\/2024\/09\/road-5710316_1280.jpg","articleSection":["Uncategorized @ca"],"inLanguage":"ca","potentialAction":[{"@type":"CommentAction","name":"Comment","target":["https:\/\/autocaresserrano.es\/ca\/avantatges-de-viatjar-en-autocar-a-la-tardor-comoditat-paisatges-i-sostenibilitat\/#respond"]}]},{"@type":"WebPage","@id":"https:\/\/autocaresserrano.es\/ca\/avantatges-de-viatjar-en-autocar-a-la-tardor-comoditat-paisatges-i-sostenibilitat\/","url":"https:\/\/autocaresserrano.es\/ca\/avantatges-de-viatjar-en-autocar-a-la-tardor-comoditat-paisatges-i-sostenibilitat\/","name":"Avantatges de Viatjar en Autocar a la tardor: Comoditat","isPartOf":{"@id":"https:\/\/autocaresserrano.es\/ca\/#website"},"primaryImageOfPage":{"@id":"https:\/\/autocaresserrano.es\/ca\/avantatges-de-viatjar-en-autocar-a-la-tardor-comoditat-paisatges-i-sostenibilitat\/#primaryimage"},"image":{"@id":"https:\/\/autocaresserrano.es\/ca\/avantatges-de-viatjar-en-autocar-a-la-tardor-comoditat-paisatges-i-sostenibilitat\/#primaryimage"},"thumbnailUrl":"https:\/\/autocaresserrano.es\/wp-content\/uploads\/2024\/09\/road-5710316_1280.jpg","datePublished":"2024-09-30T13:32:40+00:00","dateModified":"2025-04-23T08:13:37+00:00","description":"Gaudeix de la tardor viatjant en autocar. Comoditat, paisatges incre\u00efbles i sostenibilitat amb Autocars Serrano.","breadcrumb":{"@id":"https:\/\/autocaresserrano.es\/ca\/avantatges-de-viatjar-en-autocar-a-la-tardor-comoditat-paisatges-i-sostenibilitat\/#breadcrumb"},"inLanguage":"ca","potentialAction":[{"@type":"ReadAction","target":["https:\/\/autocaresserrano.es\/ca\/avantatges-de-viatjar-en-autocar-a-la-tardor-comoditat-paisatges-i-sostenibilitat\/"]}]},{"@type":"ImageObject","inLanguage":"ca","@id":"https:\/\/autocaresserrano.es\/ca\/avantatges-de-viatjar-en-autocar-a-la-tardor-comoditat-paisatges-i-sostenibilitat\/#primaryimage","url":"https:\/\/autocaresserrano.es\/wp-content\/uploads\/2024\/09\/road-5710316_1280.jpg","contentUrl":"https:\/\/autocaresserrano.es\/wp-content\/uploads\/2024\/09\/road-5710316_1280.jpg","width":1280,"height":853,"caption":"Carretera panor\u00e1mica en ruta de viaje con Autocares Serrano"},{"@type":"BreadcrumbList","@id":"https:\/\/autocaresserrano.es\/ca\/avantatges-de-viatjar-en-autocar-a-la-tardor-comoditat-paisatges-i-sostenibilitat\/#breadcrumb","itemListElement":[{"@type":"ListItem","position":1,"name":"Portada","item":"https:\/\/autocaresserrano.es\/ca\/inici\/"},{"@type":"ListItem","position":2,"name":"Avantatges de Viatjar en Autocar a la tardor: Comoditat, Paisatges i Sostenibilitat"}]},{"@type":"WebSite","@id":"https:\/\/autocaresserrano.es\/ca\/#website","url":"https:\/\/autocaresserrano.es\/ca\/","name":"Autocares Serrano","description":"Otro sitio realizado con WordPress","publisher":{"@id":"https:\/\/autocaresserrano.es\/ca\/#organization"},"potentialAction":[{"@type":"SearchAction","target":{"@type":"EntryPoint","urlTemplate":"https:\/\/autocaresserrano.es\/ca\/?s={search_term_string}"},"query-input":{"@type":"PropertyValueSpecification","valueRequired":true,"valueName":"search_term_string"}}],"inLanguage":"ca"},{"@type":"Organization","@id":"https:\/\/autocaresserrano.es\/ca\/#organization","name":"Autocares Serrano","url":"https:\/\/autocaresserrano.es\/ca\/","logo":{"@type":"ImageObject","inLanguage":"ca","@id":"https:\/\/autocaresserrano.es\/ca\/#\/schema\/logo\/image\/","url":"http:\/\/autocares.iditalweb.com\/wp-content\/uploads\/2022\/08\/autocares-serrano-logo.png","contentUrl":"http:\/\/autocares.iditalweb.com\/wp-content\/uploads\/2022\/08\/autocares-serrano-logo.png","width":500,"height":345,"caption":"Autocares Serrano"},"image":{"@id":"https:\/\/autocaresserrano.es\/ca\/#\/schema\/logo\/image\/"}},{"@type":"Person","@id":"https:\/\/autocaresserrano.es\/ca\/#\/schema\/person\/d71ea0d58b06e215594111656638baa1","name":"Serrano_edit","image":{"@type":"ImageObject","inLanguage":"ca","@id":"https:\/\/autocaresserrano.es\/ca\/#\/schema\/person\/image\/","url":"https:\/\/secure.gravatar.com\/avatar\/8d511ff9c382c9424958bbcf6293eeb9ed9866c25684a98b6d366bd14ff14a93?s=96&d=mm&r=g","contentUrl":"https:\/\/secure.gravatar.com\/avatar\/8d511ff9c382c9424958bbcf6293eeb9ed9866c25684a98b6d366bd14ff14a93?s=96&d=mm&r=g","caption":"Serrano_edit"}}]}},"_links":{"self":[{"href":"https:\/\/autocaresserrano.es\/ca\/wp-json\/wp\/v2\/posts\/3051","targetHints":{"allow":["GET"]}}],"collection":[{"href":"https:\/\/autocaresserrano.es\/ca\/wp-json\/wp\/v2\/posts"}],"about":[{"href":"https:\/\/autocaresserrano.es\/ca\/wp-json\/wp\/v2\/types\/post"}],"author":[{"embeddable":true,"href":"https:\/\/autocaresserrano.es\/ca\/wp-json\/wp\/v2\/users\/3"}],"replies":[{"embeddable":true,"href":"https:\/\/autocaresserrano.es\/ca\/wp-json\/wp\/v2\/comments?post=3051"}],"version-history":[{"count":1,"href":"https:\/\/autocaresserrano.es\/ca\/wp-json\/wp\/v2\/posts\/3051\/revisions"}],"predecessor-version":[{"id":3052,"href":"https:\/\/autocaresserrano.es\/ca\/wp-json\/wp\/v2\/posts\/3051\/revisions\/3052"}],"wp:featuredmedia":[{"embeddable":true,"href":"https:\/\/autocaresserrano.es\/ca\/wp-json\/wp\/v2\/media\/3057"}],"wp:attachment":[{"href":"https:\/\/autocaresserrano.es\/ca\/wp-json\/wp\/v2\/media?parent=3051"}],"wp:term":[{"taxonomy":"category","embeddable":true,"href":"https:\/\/autocaresserrano.es\/ca\/wp-json\/wp\/v2\/categories?post=3051"},{"taxonomy":"post_tag","embeddable":true,"href":"https:\/\/autocaresserrano.es\/ca\/wp-json\/wp\/v2\/tags?post=3051"}],"curies":[{"name":"wp","href":"https:\/\/api.w.org\/{rel}","templated":true}]}}