{"id":3084,"date":"2024-11-27T13:27:52","date_gmt":"2024-11-27T12:27:52","guid":{"rendered":"https:\/\/autocaresserrano.es\/estacions-desqui-a-espanya-viatja-en-grup-amb-autocars-serrano\/"},"modified":"2025-04-23T09:15:41","modified_gmt":"2025-04-23T08:15:41","slug":"estacions-desqui-a-espanya-viatja-en-grup-amb-autocars-serrano","status":"publish","type":"post","link":"https:\/\/autocaresserrano.es\/ca\/estacions-desqui-a-espanya-viatja-en-grup-amb-autocars-serrano\/","title":{"rendered":"Estacions d&#8217;Esqu\u00ed a Espanya: Viatja en Grup amb Autocars Serrano"},"content":{"rendered":"\n<p><strong>Estacions d&#8217;Esqu\u00ed a Espanya: Viatja en Grup amb Autocars Serrano<\/strong><\/p>\n\n<p>L&#8217;hivern \u00e9s una \u00e8poca perfecta per a gaudir de la neu i compartir moments inoblidables amb amics, companys de treball i fam\u00edlia. Si est\u00e0s organitzant una escapada hivernal, ja sigui a les estacions d&#8217;esqu\u00ed als Pirineus, Andorra o fins i tot els Alps, el lloguer d&#8217;autocars a Barcelona amb Autocars Serrano \u00e9s la millor opci\u00f3 per a viatjar en grup de manera c\u00f2moda, segura i sostenible. <\/p>\n\n<p><\/p>\n\n<p><strong>Destins destacats<\/strong><\/p>\n\n<ul class=\"wp-block-list\">\n<li><strong>Baqueira Beret (LLeida):<\/strong> Pistes premium als Pirineus.<\/li>\n\n\n\n<li><strong>Sierra Nevada (Granada):<\/strong> Sol i vistes al Mediterrani.<\/li>\n\n\n\n<li><strong>Grandvalira (Andorra):<\/strong> M\u00e9s de 200 km de pistes.<\/li>\n\n\n\n<li><strong>Formigal-Panticosa (Huesca):<\/strong> Esqu\u00ed i ambient animat.<\/li>\n\n\n\n<li><strong>Ast\u00fan y Candanch\u00fa (Huesca):<\/strong>Ideal per a principiants i fam\u00edlies.<\/li>\n\n\n\n<li><strong>Alps:<\/strong> Estacions de renom com Chamonix o Zermatt.<\/li>\n<\/ul>\n\n<p><\/p>\n\n<p><strong>Beneficis de viatjar amb Autocares Serrano<\/strong><\/p>\n\n<ol start=\"1\" class=\"wp-block-list\">\n<li><strong>Comoditat:<\/strong> Vehicles equipats per a grups i equipatge.<\/li>\n\n\n\n<li><strong>Sostenibilitat:<\/strong> Menor impacte ambiental.<\/li>\n\n\n\n<li><strong>Estalvi:<\/strong> Tarifes especials per a grups.<\/li>\n\n\n\n<li><strong>Seguretat: <\/strong>Conductors experts en rutes de muntanya.<\/li>\n\n\n\n<li><strong>Diversi\u00f3: <\/strong>Viatge sense estr\u00e8s, compartint moments inoblidables.<\/li>\n<\/ol>\n\n<p><\/p>\n\n<p><strong>Consells per a la teva escapada<\/strong><\/p>\n\n<ul class=\"wp-block-list\">\n<li>Reserva aviat el teu autocar i allotjament.<\/li>\n\n\n\n<li>Equipa&#8217;t b\u00e9 per al fred i la neu; Assegura&#8217;t de portar roba adequada per al fred, incloent-hi guants, ulleres de sol i crema solar per a protegir-te dels reflexos en la neu.<\/li>\n\n\n\n<li>Gaudeix d&#8217;activitats addicionals com a passejos en trineu o spas: Moltes estacions ofereixen activitats com a passejos en trineu, raquetes de neu o spas per a relaxar-te despr\u00e9s d&#8217;un dia en les pistes.<\/li>\n\n\n\n<li>Cuida l&#8217;entorn i viatja de manera sostenible, segura i sense estr\u00e8s en aquesta \u00e8poca: Porta amb tu una ampolla reutilitzable i evita deixar residus a les muntanyes. A m\u00e9s, en optar per l&#8217;autob\u00fas en lloc de vehicles individuals, redueixes el teu impacte ambiental. <\/li>\n<\/ul>\n\n<p><\/p>\n\n<p><strong>Contacta&#8217;ns i organitza el teu viatge perfecte aquest hivern amb Autocars Serrano.<\/strong><\/p>\n\n<p><\/p>\n","protected":false},"excerpt":{"rendered":"<p>Estacions d&#8217;Esqu\u00ed a Espanya: Viatja en Grup amb Autocars Serrano L&#8217;hivern \u00e9s una \u00e8poca perfecta per a gaudir de la neu i compartir moments inoblidables amb amics, companys de treball i fam\u00edlia. Si est\u00e0s organitzant una escapada hivernal, ja sigui a les estacions d&#8217;esqu\u00ed als Pirineus, Andorra o fins i tot els Alps, el lloguer [&hellip;]<\/p>\n","protected":false},"author":3,"featured_media":3080,"comment_status":"open","ping_status":"open","sticky":false,"template":"","format":"standard","meta":{"footnotes":""},"categories":[9],"tags":[32,105,106],"class_list":["post-3084","post","type-post","status-publish","format-standard","has-post-thumbnail","hentry","category-uncategorized-ca","tag-autocares-serrano","tag-lloguer-dautocars","tag-neu"],"yoast_head":"<!-- This site is optimized with the Yoast SEO plugin v25.2 - https:\/\/yoast.com\/wordpress\/plugins\/seo\/ -->\n<title>Estacions d\u2019Esqu\u00ed a Espanya: Viatja en Grup amb Autocars<\/title>\n<meta name=\"description\" content=\"Descobreix les millors estacions d&#039;esqu\u00ed a Espanya i viatja en grup amb Autocars Serrano. Seguretat i confort en cada trajecte.\" \/>\n<meta name=\"robots\" content=\"index, follow, max-snippet:-1, max-image-preview:large, max-video-preview:-1\" \/>\n<link rel=\"canonical\" href=\"https:\/\/autocaresserrano.es\/ca\/estacions-desqui-a-espanya-viatja-en-grup-amb-autocars-serrano\/\" \/>\n<meta property=\"og:locale\" content=\"ca_ES\" \/>\n<meta property=\"og:type\" content=\"article\" \/>\n<meta property=\"og:title\" content=\"Estacions d\u2019Esqu\u00ed a Espanya: Viatja en Grup amb Autocars\" \/>\n<meta property=\"og:description\" content=\"Descobreix les millors estacions d&#039;esqu\u00ed a Espanya i viatja en grup amb Autocars Serrano. Seguretat i confort en cada trajecte.\" \/>\n<meta property=\"og:url\" content=\"https:\/\/autocaresserrano.es\/ca\/estacions-desqui-a-espanya-viatja-en-grup-amb-autocars-serrano\/\" \/>\n<meta property=\"og:site_name\" content=\"Autocares Serrano\" \/>\n<meta property=\"article:published_time\" content=\"2024-11-27T12:27:52+00:00\" \/>\n<meta property=\"article:modified_time\" content=\"2025-04-23T08:15:41+00:00\" \/>\n<meta property=\"og:image\" content=\"https:\/\/autocaresserrano.es\/wp-content\/uploads\/2024\/11\/Imagen1.jpg\" \/>\n\t<meta property=\"og:image:width\" content=\"1299\" \/>\n\t<meta property=\"og:image:height\" content=\"662\" \/>\n\t<meta property=\"og:image:type\" content=\"image\/jpeg\" \/>\n<meta name=\"author\" content=\"Serrano_edit\" \/>\n<meta name=\"twitter:card\" content=\"summary_large_image\" \/>\n<meta name=\"twitter:label1\" content=\"Escrit per\" \/>\n\t<meta name=\"twitter:data1\" content=\"Serrano_edit\" \/>\n\t<meta name=\"twitter:label2\" content=\"Temps estimat de lectura\" \/>\n\t<meta name=\"twitter:data2\" content=\"2 minuts\" \/>\n<script type=\"application\/ld+json\" class=\"yoast-schema-graph\">{\"@context\":\"https:\/\/schema.org\",\"@graph\":[{\"@type\":\"Article\",\"@id\":\"https:\/\/autocaresserrano.es\/ca\/estacions-desqui-a-espanya-viatja-en-grup-amb-autocars-serrano\/#article\",\"isPartOf\":{\"@id\":\"https:\/\/autocaresserrano.es\/ca\/estacions-desqui-a-espanya-viatja-en-grup-amb-autocars-serrano\/\"},\"author\":{\"name\":\"Serrano_edit\",\"@id\":\"https:\/\/autocaresserrano.es\/ca\/#\/schema\/person\/d71ea0d58b06e215594111656638baa1\"},\"headline\":\"Estacions d&#8217;Esqu\u00ed a Espanya: Viatja en Grup amb Autocars Serrano\",\"datePublished\":\"2024-11-27T12:27:52+00:00\",\"dateModified\":\"2025-04-23T08:15:41+00:00\",\"mainEntityOfPage\":{\"@id\":\"https:\/\/autocaresserrano.es\/ca\/estacions-desqui-a-espanya-viatja-en-grup-amb-autocars-serrano\/\"},\"wordCount\":328,\"commentCount\":0,\"publisher\":{\"@id\":\"https:\/\/autocaresserrano.es\/ca\/#organization\"},\"image\":{\"@id\":\"https:\/\/autocaresserrano.es\/ca\/estacions-desqui-a-espanya-viatja-en-grup-amb-autocars-serrano\/#primaryimage\"},\"thumbnailUrl\":\"https:\/\/autocaresserrano.es\/wp-content\/uploads\/2024\/11\/Imagen1.jpg\",\"keywords\":[\"autocares serrano\",\"LLOGUER D'AUTOCARS\",\"neu\"],\"articleSection\":[\"Uncategorized @ca\"],\"inLanguage\":\"ca\",\"potentialAction\":[{\"@type\":\"CommentAction\",\"name\":\"Comment\",\"target\":[\"https:\/\/autocaresserrano.es\/ca\/estacions-desqui-a-espanya-viatja-en-grup-amb-autocars-serrano\/#respond\"]}]},{\"@type\":\"WebPage\",\"@id\":\"https:\/\/autocaresserrano.es\/ca\/estacions-desqui-a-espanya-viatja-en-grup-amb-autocars-serrano\/\",\"url\":\"https:\/\/autocaresserrano.es\/ca\/estacions-desqui-a-espanya-viatja-en-grup-amb-autocars-serrano\/\",\"name\":\"Estacions d\u2019Esqu\u00ed a Espanya: Viatja en Grup amb Autocars\",\"isPartOf\":{\"@id\":\"https:\/\/autocaresserrano.es\/ca\/#website\"},\"primaryImageOfPage\":{\"@id\":\"https:\/\/autocaresserrano.es\/ca\/estacions-desqui-a-espanya-viatja-en-grup-amb-autocars-serrano\/#primaryimage\"},\"image\":{\"@id\":\"https:\/\/autocaresserrano.es\/ca\/estacions-desqui-a-espanya-viatja-en-grup-amb-autocars-serrano\/#primaryimage\"},\"thumbnailUrl\":\"https:\/\/autocaresserrano.es\/wp-content\/uploads\/2024\/11\/Imagen1.jpg\",\"datePublished\":\"2024-11-27T12:27:52+00:00\",\"dateModified\":\"2025-04-23T08:15:41+00:00\",\"description\":\"Descobreix les millors estacions d'esqu\u00ed a Espanya i viatja en grup amb Autocars Serrano. Seguretat i confort en cada trajecte.\",\"breadcrumb\":{\"@id\":\"https:\/\/autocaresserrano.es\/ca\/estacions-desqui-a-espanya-viatja-en-grup-amb-autocars-serrano\/#breadcrumb\"},\"inLanguage\":\"ca\",\"potentialAction\":[{\"@type\":\"ReadAction\",\"target\":[\"https:\/\/autocaresserrano.es\/ca\/estacions-desqui-a-espanya-viatja-en-grup-amb-autocars-serrano\/\"]}]},{\"@type\":\"ImageObject\",\"inLanguage\":\"ca\",\"@id\":\"https:\/\/autocaresserrano.es\/ca\/estacions-desqui-a-espanya-viatja-en-grup-amb-autocars-serrano\/#primaryimage\",\"url\":\"https:\/\/autocaresserrano.es\/wp-content\/uploads\/2024\/11\/Imagen1.jpg\",\"contentUrl\":\"https:\/\/autocaresserrano.es\/wp-content\/uploads\/2024\/11\/Imagen1.jpg\",\"width\":1299,\"height\":662,\"caption\":\"Autocar de lujo de Autocares Serrano en servicio de transporte tur\u00edstico\"},{\"@type\":\"BreadcrumbList\",\"@id\":\"https:\/\/autocaresserrano.es\/ca\/estacions-desqui-a-espanya-viatja-en-grup-amb-autocars-serrano\/#breadcrumb\",\"itemListElement\":[{\"@type\":\"ListItem\",\"position\":1,\"name\":\"Portada\",\"item\":\"https:\/\/autocaresserrano.es\/ca\/inici\/\"},{\"@type\":\"ListItem\",\"position\":2,\"name\":\"Estacions d&#8217;Esqu\u00ed a Espanya: Viatja en Grup amb Autocars Serrano\"}]},{\"@type\":\"WebSite\",\"@id\":\"https:\/\/autocaresserrano.es\/ca\/#website\",\"url\":\"https:\/\/autocaresserrano.es\/ca\/\",\"name\":\"Autocares Serrano\",\"description\":\"Otro sitio realizado con WordPress\",\"publisher\":{\"@id\":\"https:\/\/autocaresserrano.es\/ca\/#organization\"},\"potentialAction\":[{\"@type\":\"SearchAction\",\"target\":{\"@type\":\"EntryPoint\",\"urlTemplate\":\"https:\/\/autocaresserrano.es\/ca\/?s={search_term_string}\"},\"query-input\":{\"@type\":\"PropertyValueSpecification\",\"valueRequired\":true,\"valueName\":\"search_term_string\"}}],\"inLanguage\":\"ca\"},{\"@type\":\"Organization\",\"@id\":\"https:\/\/autocaresserrano.es\/ca\/#organization\",\"name\":\"Autocares Serrano\",\"url\":\"https:\/\/autocaresserrano.es\/ca\/\",\"logo\":{\"@type\":\"ImageObject\",\"inLanguage\":\"ca\",\"@id\":\"https:\/\/autocaresserrano.es\/ca\/#\/schema\/logo\/image\/\",\"url\":\"http:\/\/autocares.iditalweb.com\/wp-content\/uploads\/2022\/08\/autocares-serrano-logo.png\",\"contentUrl\":\"http:\/\/autocares.iditalweb.com\/wp-content\/uploads\/2022\/08\/autocares-serrano-logo.png\",\"width\":500,\"height\":345,\"caption\":\"Autocares Serrano\"},\"image\":{\"@id\":\"https:\/\/autocaresserrano.es\/ca\/#\/schema\/logo\/image\/\"}},{\"@type\":\"Person\",\"@id\":\"https:\/\/autocaresserrano.es\/ca\/#\/schema\/person\/d71ea0d58b06e215594111656638baa1\",\"name\":\"Serrano_edit\",\"image\":{\"@type\":\"ImageObject\",\"inLanguage\":\"ca\",\"@id\":\"https:\/\/autocaresserrano.es\/ca\/#\/schema\/person\/image\/\",\"url\":\"https:\/\/secure.gravatar.com\/avatar\/8d511ff9c382c9424958bbcf6293eeb9ed9866c25684a98b6d366bd14ff14a93?s=96&d=mm&r=g\",\"contentUrl\":\"https:\/\/secure.gravatar.com\/avatar\/8d511ff9c382c9424958bbcf6293eeb9ed9866c25684a98b6d366bd14ff14a93?s=96&d=mm&r=g\",\"caption\":\"Serrano_edit\"}}]}<\/script>\n<!-- \/ Yoast SEO plugin. -->","yoast_head_json":{"title":"Estacions d\u2019Esqu\u00ed a Espanya: Viatja en Grup amb Autocars","description":"Descobreix les millors estacions d'esqu\u00ed a Espanya i viatja en grup amb Autocars Serrano. Seguretat i confort en cada trajecte.","robots":{"index":"index","follow":"follow","max-snippet":"max-snippet:-1","max-image-preview":"max-image-preview:large","max-video-preview":"max-video-preview:-1"},"canonical":"https:\/\/autocaresserrano.es\/ca\/estacions-desqui-a-espanya-viatja-en-grup-amb-autocars-serrano\/","og_locale":"ca_ES","og_type":"article","og_title":"Estacions d\u2019Esqu\u00ed a Espanya: Viatja en Grup amb Autocars","og_description":"Descobreix les millors estacions d'esqu\u00ed a Espanya i viatja en grup amb Autocars Serrano. Seguretat i confort en cada trajecte.","og_url":"https:\/\/autocaresserrano.es\/ca\/estacions-desqui-a-espanya-viatja-en-grup-amb-autocars-serrano\/","og_site_name":"Autocares Serrano","article_published_time":"2024-11-27T12:27:52+00:00","article_modified_time":"2025-04-23T08:15:41+00:00","og_image":[{"width":1299,"height":662,"url":"https:\/\/autocaresserrano.es\/wp-content\/uploads\/2024\/11\/Imagen1.jpg","type":"image\/jpeg"}],"author":"Serrano_edit","twitter_card":"summary_large_image","twitter_misc":{"Escrit per":"Serrano_edit","Temps estimat de lectura":"2 minuts"},"schema":{"@context":"https:\/\/schema.org","@graph":[{"@type":"Article","@id":"https:\/\/autocaresserrano.es\/ca\/estacions-desqui-a-espanya-viatja-en-grup-amb-autocars-serrano\/#article","isPartOf":{"@id":"https:\/\/autocaresserrano.es\/ca\/estacions-desqui-a-espanya-viatja-en-grup-amb-autocars-serrano\/"},"author":{"name":"Serrano_edit","@id":"https:\/\/autocaresserrano.es\/ca\/#\/schema\/person\/d71ea0d58b06e215594111656638baa1"},"headline":"Estacions d&#8217;Esqu\u00ed a Espanya: Viatja en Grup amb Autocars Serrano","datePublished":"2024-11-27T12:27:52+00:00","dateModified":"2025-04-23T08:15:41+00:00","mainEntityOfPage":{"@id":"https:\/\/autocaresserrano.es\/ca\/estacions-desqui-a-espanya-viatja-en-grup-amb-autocars-serrano\/"},"wordCount":328,"commentCount":0,"publisher":{"@id":"https:\/\/autocaresserrano.es\/ca\/#organization"},"image":{"@id":"https:\/\/autocaresserrano.es\/ca\/estacions-desqui-a-espanya-viatja-en-grup-amb-autocars-serrano\/#primaryimage"},"thumbnailUrl":"https:\/\/autocaresserrano.es\/wp-content\/uploads\/2024\/11\/Imagen1.jpg","keywords":["autocares serrano","LLOGUER D'AUTOCARS","neu"],"articleSection":["Uncategorized @ca"],"inLanguage":"ca","potentialAction":[{"@type":"CommentAction","name":"Comment","target":["https:\/\/autocaresserrano.es\/ca\/estacions-desqui-a-espanya-viatja-en-grup-amb-autocars-serrano\/#respond"]}]},{"@type":"WebPage","@id":"https:\/\/autocaresserrano.es\/ca\/estacions-desqui-a-espanya-viatja-en-grup-amb-autocars-serrano\/","url":"https:\/\/autocaresserrano.es\/ca\/estacions-desqui-a-espanya-viatja-en-grup-amb-autocars-serrano\/","name":"Estacions d\u2019Esqu\u00ed a Espanya: Viatja en Grup amb Autocars","isPartOf":{"@id":"https:\/\/autocaresserrano.es\/ca\/#website"},"primaryImageOfPage":{"@id":"https:\/\/autocaresserrano.es\/ca\/estacions-desqui-a-espanya-viatja-en-grup-amb-autocars-serrano\/#primaryimage"},"image":{"@id":"https:\/\/autocaresserrano.es\/ca\/estacions-desqui-a-espanya-viatja-en-grup-amb-autocars-serrano\/#primaryimage"},"thumbnailUrl":"https:\/\/autocaresserrano.es\/wp-content\/uploads\/2024\/11\/Imagen1.jpg","datePublished":"2024-11-27T12:27:52+00:00","dateModified":"2025-04-23T08:15:41+00:00","description":"Descobreix les millors estacions d'esqu\u00ed a Espanya i viatja en grup amb Autocars Serrano. Seguretat i confort en cada trajecte.","breadcrumb":{"@id":"https:\/\/autocaresserrano.es\/ca\/estacions-desqui-a-espanya-viatja-en-grup-amb-autocars-serrano\/#breadcrumb"},"inLanguage":"ca","potentialAction":[{"@type":"ReadAction","target":["https:\/\/autocaresserrano.es\/ca\/estacions-desqui-a-espanya-viatja-en-grup-amb-autocars-serrano\/"]}]},{"@type":"ImageObject","inLanguage":"ca","@id":"https:\/\/autocaresserrano.es\/ca\/estacions-desqui-a-espanya-viatja-en-grup-amb-autocars-serrano\/#primaryimage","url":"https:\/\/autocaresserrano.es\/wp-content\/uploads\/2024\/11\/Imagen1.jpg","contentUrl":"https:\/\/autocaresserrano.es\/wp-content\/uploads\/2024\/11\/Imagen1.jpg","width":1299,"height":662,"caption":"Autocar de lujo de Autocares Serrano en servicio de transporte tur\u00edstico"},{"@type":"BreadcrumbList","@id":"https:\/\/autocaresserrano.es\/ca\/estacions-desqui-a-espanya-viatja-en-grup-amb-autocars-serrano\/#breadcrumb","itemListElement":[{"@type":"ListItem","position":1,"name":"Portada","item":"https:\/\/autocaresserrano.es\/ca\/inici\/"},{"@type":"ListItem","position":2,"name":"Estacions d&#8217;Esqu\u00ed a Espanya: Viatja en Grup amb Autocars Serrano"}]},{"@type":"WebSite","@id":"https:\/\/autocaresserrano.es\/ca\/#website","url":"https:\/\/autocaresserrano.es\/ca\/","name":"Autocares Serrano","description":"Otro sitio realizado con WordPress","publisher":{"@id":"https:\/\/autocaresserrano.es\/ca\/#organization"},"potentialAction":[{"@type":"SearchAction","target":{"@type":"EntryPoint","urlTemplate":"https:\/\/autocaresserrano.es\/ca\/?s={search_term_string}"},"query-input":{"@type":"PropertyValueSpecification","valueRequired":true,"valueName":"search_term_string"}}],"inLanguage":"ca"},{"@type":"Organization","@id":"https:\/\/autocaresserrano.es\/ca\/#organization","name":"Autocares Serrano","url":"https:\/\/autocaresserrano.es\/ca\/","logo":{"@type":"ImageObject","inLanguage":"ca","@id":"https:\/\/autocaresserrano.es\/ca\/#\/schema\/logo\/image\/","url":"http:\/\/autocares.iditalweb.com\/wp-content\/uploads\/2022\/08\/autocares-serrano-logo.png","contentUrl":"http:\/\/autocares.iditalweb.com\/wp-content\/uploads\/2022\/08\/autocares-serrano-logo.png","width":500,"height":345,"caption":"Autocares Serrano"},"image":{"@id":"https:\/\/autocaresserrano.es\/ca\/#\/schema\/logo\/image\/"}},{"@type":"Person","@id":"https:\/\/autocaresserrano.es\/ca\/#\/schema\/person\/d71ea0d58b06e215594111656638baa1","name":"Serrano_edit","image":{"@type":"ImageObject","inLanguage":"ca","@id":"https:\/\/autocaresserrano.es\/ca\/#\/schema\/person\/image\/","url":"https:\/\/secure.gravatar.com\/avatar\/8d511ff9c382c9424958bbcf6293eeb9ed9866c25684a98b6d366bd14ff14a93?s=96&d=mm&r=g","contentUrl":"https:\/\/secure.gravatar.com\/avatar\/8d511ff9c382c9424958bbcf6293eeb9ed9866c25684a98b6d366bd14ff14a93?s=96&d=mm&r=g","caption":"Serrano_edit"}}]}},"_links":{"self":[{"href":"https:\/\/autocaresserrano.es\/ca\/wp-json\/wp\/v2\/posts\/3084","targetHints":{"allow":["GET"]}}],"collection":[{"href":"https:\/\/autocaresserrano.es\/ca\/wp-json\/wp\/v2\/posts"}],"about":[{"href":"https:\/\/autocaresserrano.es\/ca\/wp-json\/wp\/v2\/types\/post"}],"author":[{"embeddable":true,"href":"https:\/\/autocaresserrano.es\/ca\/wp-json\/wp\/v2\/users\/3"}],"replies":[{"embeddable":true,"href":"https:\/\/autocaresserrano.es\/ca\/wp-json\/wp\/v2\/comments?post=3084"}],"version-history":[{"count":1,"href":"https:\/\/autocaresserrano.es\/ca\/wp-json\/wp\/v2\/posts\/3084\/revisions"}],"predecessor-version":[{"id":3085,"href":"https:\/\/autocaresserrano.es\/ca\/wp-json\/wp\/v2\/posts\/3084\/revisions\/3085"}],"wp:featuredmedia":[{"embeddable":true,"href":"https:\/\/autocaresserrano.es\/ca\/wp-json\/wp\/v2\/media\/3080"}],"wp:attachment":[{"href":"https:\/\/autocaresserrano.es\/ca\/wp-json\/wp\/v2\/media?parent=3084"}],"wp:term":[{"taxonomy":"category","embeddable":true,"href":"https:\/\/autocaresserrano.es\/ca\/wp-json\/wp\/v2\/categories?post=3084"},{"taxonomy":"post_tag","embeddable":true,"href":"https:\/\/autocaresserrano.es\/ca\/wp-json\/wp\/v2\/tags?post=3084"}],"curies":[{"name":"wp","href":"https:\/\/api.w.org\/{rel}","templated":true}]}}